{"id":7476,"date":"2023-04-27T15:47:00","date_gmt":"2023-04-27T15:47:00","guid":{"rendered":"https:\/\/bewusstschwanger.ch\/?p=7476"},"modified":"2024-11-06T23:31:21","modified_gmt":"2024-11-06T23:31:21","slug":"impfungen-und-ihre-auswirkungen","status":"publish","type":"post","link":"https:\/\/bewusstschwanger.ch\/index.php\/2023\/04\/27\/impfungen-und-ihre-auswirkungen\/","title":{"rendered":"Impfungen und ihre Auswirkungen"},"content":{"rendered":"<div id=\"pl-7476\"  class=\"panel-layout\" ><div id=\"pg-7476-0\"  class=\"panel-grid panel-no-style\" ><div id=\"pgc-7476-0-0\"  class=\"panel-grid-cell\" ><div id=\"panel-7476-0-0-0\" class=\"so-panel widget widget_text panel-first-child\" data-index=\"0\" >\t\t\t<div class=\"textwidget\"><\/div>\n\t\t<\/div><div id=\"panel-7476-0-0-1\" class=\"so-panel widget widget_sow-editor\" data-index=\"1\" ><div\n\t\t\t\n\t\t\tclass=\"so-widget-sow-editor so-widget-sow-editor-base\"\n\t\t\t\n\t\t><h3 class=\"widget-title\">Impfungen und ihre Auswirkungen<\/h3>\n<div class=\"siteorigin-widget-tinymce textwidget\">\n\t<h4 style=\"text-align: center;\"><b>Was Sie wissen sollten, um eine vern\u00fcnftige Entscheidung<br \/>\nf\u00fcr Sie selbst als werdende Mutter und f\u00fcr Ihr Kind treffen zu k\u00f6nnen.<\/b><\/h4>\n<p>&nbsp;<\/p>\n<p>Unabh\u00e4ngig vom Sinn oder Unsinn von Impfungen, ob daf\u00fcr oder dagegen, wer diese mal genauer unter die Lupe nimmt und seinem gesunden Menschenverstand folgt, wird schnell feststellen, da\u00df Impfungen gewisse Risiken bergen.<\/p>\n<p>Ein v\u00f6llig neues Verst\u00e4ndnis er\u00f6ffnet sich demjenigen, der die Statistiken \u00fcber die Entwicklung der Krankheiten vor und nach der Einf\u00fchrung von Impfungen in den letzten 200 Jahren studiert, der nach dem Ursprung des Konzepts der Viren sucht und recherchiert, was wirklich hinter den sogenannten ansteckenden Krankheiten steckt, auf deren das Prinzip und die Industrie der Impfungen aufgebaut wurden.<\/p>\n<p>&nbsp;<\/p>\n<h3>Adjuvantien in Impfstoffen<\/h3>\n<p>Impfstoffe, egal gegen welchen \"Erreger\", enthalten sogenannte Adjuvantien, Zusatz- und Hilfsstoffe, die angeblich zur Haltbarmachung und Immunstimulation eingesetzt werden. Um welche Stoffe handelt es sich ?<\/p>\n<p>Nicht immer kommen alle der aufgelisteten Stoffe gleichzeitig in den verschiedenen Impfseren vor.<\/p>\n<ul>\n<li><strong>Thimerosal\/Thiomersal<\/strong> besteht zur H\u00e4lfte aus Quecksilber, ist hochgiftig, Nerven und Hirn sch\u00e4digend.<\/li>\n<li><strong>Mononatrium-Glutamat<\/strong>, Nerven und Hirn sch\u00e4digend. H\u00e4ufig als Hefeextrakt getarnt.<\/li>\n<li><strong>Aluminiumhydroxyd, Aluminiumphosphat und Aluminiumsalze<\/strong>, m\u00f6gliche Mit-Verursacher von Demenz und Alzheimer.<\/li>\n<li><strong>Casein<\/strong>, ein Milchprotein<\/li>\n<li><strong>Formaldehyd<\/strong>, Hirn sch\u00e4digend und Krebserregend<\/li>\n<li><strong>Zitronens\u00e4ure E333<\/strong>, erh\u00f6ht die Aufnahme von Aluminium im K\u00f6rper, wird aus schwarzem Schimmel hergestellt.<\/li>\n<li><strong>Neomycin<\/strong>, ein Antibiotikum, Risiko Herzrasen und Erbrechen wenn es in den Blutkreislauf gelangt.<\/li>\n<li><strong>Azeton<\/strong>, ein giftiges L\u00f6sungsmittel<\/li>\n<li><strong>Tierische Bestandteile<\/strong> : Serum aus f\u00f6talem Rindergewebe,\u00a0Nierenzellen aus Affen,\u00a0H\u00fchnereiweiss,\u00a0Gelatine<\/li>\n<li><strong>Menschliche Bestandteile<\/strong> : Humanalbumin (menschliches Protein im Blut), menschliche Diploidzellen aus abgetriebenen menschlichen F\u00f6ten<\/li>\n<\/ul>\n<h6 style=\"text-align: right;\">Quelle: siehe Film im Anhang<\/h6>\n<p>&nbsp;<\/p>\n<p>Zudem konnte vermehrt <strong>Glysophat<\/strong> (Pflanzengift) in den Impfseren nachgewiesen werden.<\/p>\n<p>Kurz und knapp, viele dieser Zusatzstoffe haben eine toxische Wirkung und geh\u00f6ren schlichtweg in keinen menschlichen K\u00f6rper, weder in den einer werdenden Mutter, und schon garnicht in den eines Neugeborenen, S\u00e4uglings oder Kindes. H\u00e4ufig gelangen diese 'Konservierungsmittel', Nanopartikel und Aluminiumsalze, etc. aus den Impfstoffen \u00fcber die Nerven direkt ins Gehirn und lagern sich dort ab.<\/p>\n<p>&nbsp;<\/p>\n<p><span style=\"color: #808080;\"><em>Anmerkung: Laut Dr. Stefan Lanka ist auch die sogenannte Blut-Hirn-Schranke zu hinterfragen.<\/em> <em>Wie sonst k\u00f6nnte man bei Autopsien all diese Nanopartikel im Gehirn finden.<\/em> <em>(Magazin WissenSchaftPlus, 3\/2016)<\/em><\/span><\/p>\n<p>&nbsp;<\/p>\n<p><img decoding=\"async\" class=\"alignright wp-image-7546 size-medium\" src=\"https:\/\/bewusstschwanger.ch\/wp-content\/uploads\/2023\/04\/statistique-autism-usa-1-300x151.png\" alt=\"Impfungen Autismus\" width=\"300\" height=\"151\" srcset=\"https:\/\/bewusstschwanger.ch\/wp-content\/uploads\/2023\/04\/statistique-autism-usa-1-300x151.png 300w, https:\/\/bewusstschwanger.ch\/wp-content\/uploads\/2023\/04\/statistique-autism-usa-1-1024x515.png 1024w, https:\/\/bewusstschwanger.ch\/wp-content\/uploads\/2023\/04\/statistique-autism-usa-1-768x386.png 768w, https:\/\/bewusstschwanger.ch\/wp-content\/uploads\/2023\/04\/statistique-autism-usa-1-1536x772.png 1536w, https:\/\/bewusstschwanger.ch\/wp-content\/uploads\/2023\/04\/statistique-autism-usa-1-750x377.png 750w, https:\/\/bewusstschwanger.ch\/wp-content\/uploads\/2023\/04\/statistique-autism-usa-1-400x201.png 400w, https:\/\/bewusstschwanger.ch\/wp-content\/uploads\/2023\/04\/statistique-autism-usa-1-430x216.png 430w, https:\/\/bewusstschwanger.ch\/wp-content\/uploads\/2023\/04\/statistique-autism-usa-1-150x75.png 150w, https:\/\/bewusstschwanger.ch\/wp-content\/uploads\/2023\/04\/statistique-autism-usa-1-100x50.png 100w, https:\/\/bewusstschwanger.ch\/wp-content\/uploads\/2023\/04\/statistique-autism-usa-1.png 1617w\" sizes=\"(max-width: 300px) 100vw, 300px\" \/>Neil Z. Miller schreibt in \"Kritische Impfstudien\" : \"In der 4. Studie verabreichten Wissenschaftler Affenbabys altersgerechte p\u00e4diatrische Impfstoffe gem\u00e4ss dem vollst\u00e4ndigen von den USA empfohlenen Impfplan f\u00fcr Kinder. Die geimpften Primaten wiesen Anomalien in der Hirnregion auf, die die soziale und emotionale Entwicklung beeintr\u00e4chtigten, sowie eine signifikante Zunahme des gesamten Hirnvolumens. Eine beschleunigte Zunahme des gesamten Hirnvolumens zwischen dem 6. und 14. Lebensmonat ist ein \u00fcbereinstimmender Befund bei vielen Kindern mit Autismus.\"<\/p>\n<h6 style=\"text-align: right;\">Quelle Statistik : Childrens Health Defense<\/h6>\n<p>Nerven- und Hirngewebe werden deswegen prim\u00e4r getroffen und zeigen die st\u00e4rksten Folgen von toxischen Einwirkungen, weil sie mit Abstand die stoffwechselaktivsten Gewebe des ganzen K\u00f6rpers sind. Sie haben einen mehr als 30% gr\u00f6sseren Energiestoffwechsel als zum Beispiel Leber-Gewebe und -Zellen.<\/p>\n<p>&nbsp;<\/p>\n<h4>K\u00f6rperliche Reaktion auf die Impfung<\/h4>\n<p>Was verharmlosend als offiziell gew\u00fcnschte Impfreaktion, wie z.Bsp. Fieber, Schmerzen , R\u00f6tungen an der Einstichstelle, usw. ausgegeben wird, ist die Reaktion des Organismus, der sich mit der Vergiftung \"auseinander\" setzt und versucht den Schaden zu beseitigen. Um die aufgetretenen Sch\u00e4den zu reparieren braucht der K\u00f6rper viele Eiweisse, weswegen bio-chemisch ein massiver Eiweissanstieg festzustellen ist. Dieser l\u00e4sst sich \u00fcber die Universalbiologie erkl\u00e4ren. Er hat nichts mit dem 'Immunsystem' oder einem 'Virus' zu tun, sondern tr\u00e4te auch auf, wenn lediglich die Adjuvantien in den K\u00f6rper gespritzt w\u00fcrden.<\/p>\n<p><span style=\"color: #808080;\"><em>Zusatz : Die Giftmengen in den meisten Impfstoffen reichen aus, um einen erwachsenen Menschen auf der Stelle zu t\u00f6ten, wenn das Gemisch versehentlich anstatt in den Muskel, in die Vene gespritzt wird. (WissenSchaftPlus-Magazin, 3\/2016)\u00a0<\/em><\/span><\/p>\n<p>&nbsp;<\/p>\n<p>Betrachten wir die Situation nun von der anderen Seite: Studien in den USA aus dem Jahr 2020 haben gezeigt, da\u00df Kinder und Erwachsene, die nie geimpft wurden, weder sie selbst noch deren Mutter, und die keine Vitamin-K-Injektion nach der Geburt erhalten haben, - das sind etwa 100.000 Amerikaner - bei weitem viel ges\u00fcnder sind. Die Rate der chronischen Krankheiten liegt lediglich bei 2 %.<\/p>\n<p>&nbsp;<\/p>\n<p><span style=\"color: #800000;\"><b><em>Die Injektion von Vitamin K<\/em><\/b><\/span><\/p>\n<p><em>Diese ist an sich keine Impfung, sollte aber dennoch in diesem Kontext in Betracht gezogen werden.<\/em><\/p>\n<p><em style=\"color: #800000;\">Die Vitamin-K-Injektion f\u00fcr Neugeborene enth\u00e4lt u. a. Benzylalkohol und Nanopartikel aus Aluminium, Quecksilber, Formaldehyd, MSG und Polysorbat 80.<\/em> <em><span style=\"color: #800000;\">Die Dosis an synthetischem Vitamin K <span style=\"caret-color: #800000;\">f\u00fcr<\/span> Neugeborene ist 1000-mal h\u00f6her als die Dosis, die Erwachsenen verabreicht werden w\u00fcrde.<\/span><\/em> <em style=\"color: #800000;\">- Nur 1 von 30.000 Kindern wird mit einem Vitamin-K-Mangel geboren.<\/em><\/p>\n<p><em>Faktoren, die einen Vitamin-K-Mangel verursachen k\u00f6nnen: Arzneimittel- und Umweltgifte k\u00f6nnen die vorhandenen Vitamin-K-Reserven einer schwangeren Frau ersch\u00f6pfen und so einen Mangel in der Muttermilch und beim S\u00e4ugling verursachen.<\/em> <em>Nach der Geburt hat das Neugeborene aufgrund des m\u00f6glichen Geburtsstresses einen erh\u00f6hten Bedarf an Vitamin K.<\/em> <em>Hierf\u00fcr hat die Natur in Form des Kolostrums der Muttermilch bereits vorgesorgt.<\/em> <em>Kolostrum ist relativ reich an nat\u00fcrlichem Vitamin K.<\/em> <em>Wenn sich die Mutter gesund ern\u00e4hrt und w\u00e4hrend der Schwangerschaft auf Medikamente verzichtet hat, ist ein Vitamin-K-Mangel sehr unwahrscheinlich.<\/em><\/p>\n<h6 style=\"text-align: right;\"><em>Quelle : \"Kritik der Arzneiroutine\" von Hom\u00f6opath und Gynekologe Dr. med. Friedrich P. Graf<\/em><\/h6>\n<p>&nbsp;<\/p>\n<p style=\"text-align: center;\">* \u00a0* \u00a0*<\/p>\n<p>Neben Vergiftungssymptomen kann auch die Art und Weise, wie der Impfprozess erlebt wird, zu k\u00f6rperlichen Beschwerden und sp\u00e4teren \"Krankheitssymptomen\" f\u00fchren.<\/p>\n<h3>Pr\u00e4gungen und k\u00f6rperliche Auswirkungen<\/h3>\n<p>Je nachdem, unter welchen Bedingungen die Verabreichung des Impfstoffs stattgefunden hat und wie das Kind (oder der Erwachsene) dies erlebt hat (als Schock, im Unverstandensein und innerer Einsamkeit), k\u00f6nnen sich die unterschiedlichsten Pr\u00e4gungen bilden und die biologisch notwendigen Prozesse (gem\u00e4\u00df der Universellen Biologie, auch bekannt als Neue Medizin nach Dr. Hamer) im K\u00f6rper in Gang gesetzt werden, die in der Folge die unterschiedlichsten \"Krankheitssymptome\" hervorrufen.<\/p>\n<p>Babys und Kinder nehmen den \u201eImpfakt\u201c (Gewalt, Schmerzen, Vertrauensverlust zur Mutter, ..) \u00f6fters als existentielle Bedrohung wahr als Erwachsene. Je nachdem ob und wie der Impfakt an sich wirkt, welche biologischen Konflikte er ausl\u00f6st, werden <b>sofort<\/b> <strong>Symptome<\/strong> verursacht: L\u00e4hmung, Atem- und Kreislaufprobleme, Verdauungsst\u00f6rungen, Wesensver\u00e4nderungen wie z.B.\u00a0<a href=\"https:\/\/www.wplus-verlag.ch\/de_DE\/p\/buy\/wissenschafftplus-ausgabe-3-2016\">Autismus<\/a>.\u00a0Andere 'Biologisch Notwendigen Abl\u00e4ufe'\u00a0hingegen zeigen ihre typischen Symptome und<strong> Beschwerden<\/strong> (von Hirnhautentz\u00fcndungen bis zum pl\u00f6tzlichen Kindstod) <strong>erst Wochen und Monate nach der Ausl\u00f6sung<\/strong>, n\u00e4mlich dann, wenn das Kind, bzw. seine Eltern, sich wieder in Sicherheit wiegen oder von offizieller Stelle bekannt gegeben wurde, dass die Gefahr gebannt ist.<\/p>\n<p>Neben den k\u00f6rperlichen Symptomen werden im Kind, je nachdem wie es den Impfvorgang erlebt hat, die verschiedensten Pr\u00e4gungen angelegt, die sich auf sein weiteres Leben und Verhalten auswirken.<\/p>\n<p>Beispiele :<\/p>\n<ul>\n<li>Wenn das <strong>Kind festgehalten<\/strong> wurde und es sich nicht bewegen konnte, ist ein motorischer Konflikt denkbar. Dieser kann in Folge zu Ohnmachts-Gef\u00fchlen, zu Ablehnung von Ber\u00fchrungen und Wut gegen\u00fcber der entsprechenden Person bzw. fremden Personen gleichen Geschlechts, \u00e4hnlicher Kleidung oder Geruch f\u00fchren. Sollte der Konflikt tief verankert sein, k\u00f6nnen L\u00e4hmungen und Spasmen auftreten.<\/li>\n<\/ul>\n<p>&nbsp;<\/p>\n<ul>\n<li>Wenn das Kind durch die <strong>Spritze \u00fcberrascht<\/strong> wurde, ist ein Schreckangst- oder Revierkonflikt m\u00f6glich. Es ist erschrocken und wird von nun an \u00e4ngstlich, wenn jemand sich ihm n\u00e4hert und \u00e4hnliche Lichtverh\u00e4ltnisse, Ger\u00fcche oder Ger\u00e4usche herrschen. Es ist ihm die Sicherheit in seinem eigenen Lebensraum abhanden gekommen. Bis zur Kl\u00e4rung auf energetisch-psychischer Ebene bleibt es in einem Angstzustand verharrt, jederzeit wieder durch eine \u00dcbertretung in seiner Integrit\u00e4t missachtet zu werden.<\/li>\n<\/ul>\n<p>&nbsp;<\/p>\n<ul>\n<li>Hat sich das Kind <strong>gegen die Impfung gestr\u00e4ubt<\/strong>, kann in der k\u00f6rperlich ausgepr\u00e4gtesten Form eine Diabetes die Folge sein. Als energetisch-psychische Pr\u00e4gung kommen eine Ohnmacht \"Ich kann ja sowieso nichts dagegen tun\", ein \"sich ergeben\" oder das Gegenteilige \"sich gegen alles, was Mama von nun an verlangt, widersetzen.\" vor.<\/li>\n<\/ul>\n<p>&nbsp;<\/p>\n<ul>\n<li>Besteht bereits aus der Schwangerschaft oder von der Geburt ein Revier\u00e4rger-Konflikt (die Integrit\u00e4t des Kindes wurde missachtet) und bekam nun das Kind wegen der <strong>Spritze einen furchtbaren Schreck<\/strong> kann daraus im schlimmsten Fall ein Autismus hervorgehen. (Autismus kann also sowohl von Giftstoffen, als auch von einem Schock verursacht werden.) Alles h\u00e4ngt davon ab, wie intensiv das Kind den medizinischen Eingriff und zweiten Konflikt in seinem System erlebt und wie geborgen es sich noch bei seiner Mutter f\u00fchlt.<\/li>\n<\/ul>\n<p>&nbsp;<\/p>\n<ul>\n<li>Liegt ein Identit\u00e4tskonflikt (wer bin ich, wo ist mein Platz) vor und wurde die <strong>Injektion als \u00dcbergriff in den eigenen Bereich<\/strong> erlebt, resultiert daraus eine Bio-Agressive-Konstellation. Je nach erlebter Intensit\u00e4t hat das Kind danach die Tendenz sich selbst zu verletzen.<\/li>\n<\/ul>\n<p>&nbsp;<\/p>\n<ul>\n<li>Ist die <strong>Spritze als Attacke\/Angriff<\/strong> erlebt worden, so zeigt sich, sobald das Kind sich vom Erlebten erholt hat und wieder in Sicherheit ist, eine G\u00fcrtelrose.<\/li>\n<\/ul>\n<p>&nbsp;<\/p>\n<p>Das Impferlebnis mit all seinen konfliktuellen Empfindungen hinterl\u00e4sst nicht nur Pr\u00e4gungen und Beschwerden im Physischen sondern wirkt sich auch im Energetisch-Seelischen aus. So kann es sein, dass gewisse Seelenanteile \"eingefroren\" oder abgespalten werden. Die \u00fcbliche Ausleitung von Impfstoffgiften und Heilmittel zur Symptomlinderung k\u00f6nnen dann nur begrenzt wirken, da der psychische Anteil, der eigentlich Heilung br\u00e4uchte, nicht \u00fcber die Materie (Sch\u00fcssler Salze, Anthroposophische und hom\u00f6opathische Mittel, ..) erreichbar ist. Es ist immer zuerst der innerste Konflikt, also das Seelenempfinden in damaligen Moment, ausfindig zu machen, zu kl\u00e4ren und die zersplitterten Anteile zu integrieren, um danach den K\u00f6rper mit Zeolith, Chlorella usw. zu entgiften.<\/p>\n<p>Das Beste und Ges\u00fcndeste f\u00fcr eine werdende Mutter und ihr Baby, sowie f\u00fcr Kinder im Allgemeinen, w\u00e4re es, ganz auf einen solchen Eingriff zu verzichten und ihnen eine solche Tortur komplett zu ersparen.<\/p>\n<p>&nbsp;<\/p>\n<h5>Und was ist aber nun mit dem Schutz vor den gef\u00e4hrlichen Viren und Kinderkrankheiten?<\/h5>\n<p>Hier kann ich Dich nur ermutigen, Dich mit der Universalbiologie zu besch\u00e4ftigen.\u00a0Basis-Wissen dazu findest Du unter anderem auf <a href=\"https:\/\/www.krankheit-ist-anders.de\/\" target=\"_blank\" rel=\"noopener\">https:\/\/www.krankheit-ist-anders.de\/<\/a><\/p>\n<p>&nbsp;<\/p>\n<h5><b>Wie steht es mit der Grippeimpfung f\u00fcr schwangere Frauen?<\/b><\/h5>\n<p>Den Grippeimpfstoff gibt es nun schon seit 78 Jahren. Und die Grippe gibt es immer noch. Daher stellt sich die Frage, ob dieser Impfstoff \u00fcberhaupt wirksam ist und ob und welche unerw\u00fcnschten Nebenwirkungen\/Konsequenzen er bisher verursacht hat. Mehr dazu in folgendem <a href=\"https:\/\/www.impf-info.de\/die-impfungen\/grippe\/236-grippeimpfung-in-der-schwangerschaft.html\">Artikel zum Thema Grippeimpfung w\u00e4hrend der Schwangerschaft<\/a>.<\/p>\n<p>&nbsp;<\/p>\n<\/div>\n<\/div><\/div><div id=\"panel-7476-0-0-2\" class=\"so-panel widget widget_sow-editor\" data-index=\"2\" ><div\n\t\t\t\n\t\t\tclass=\"so-widget-sow-editor so-widget-sow-editor-base\"\n\t\t\t\n\t\t><h3 class=\"widget-title\">Literatur, Filme, ..<\/h3>\n<div class=\"siteorigin-widget-tinymce textwidget\">\n\t<h5>Zur weiteren Recherche:<\/h5>\n<p><a href=\"https:\/\/www.impfkritik.de\/-einfuehrung-ins-thema\/index.html\" target=\"_blank\" rel=\"noopener\">Impfkritik.de<\/a>, <a href=\"https:\/\/impfentscheid.ch\" target=\"_blank\" rel=\"noopener\">Impfentscheid.ch<\/a>. Viele hilfreichen Informationen, auch wenn leider einige der angegebenen Links zu Youtube-Videos der Zensur zum Opfer gefallen sind.<\/p>\n<p>Film : VAXXED I \"Die schockierende Wahrheit!?\"(2017) <a href=\"https:\/\/www.cineman.ch\/movie\/2016\/VaxxedFromCoverUpToCatastrophe\/\" target=\"_blank\" rel=\"noopener\">https:\/\/www.cineman.ch\/movie\/2016\/VaxxedFromCoverUpToCatastrophe\/<\/a>, VAXXED II \"Das Ende des Schweigens\"(2020) -\u00a0<a href=\"https:\/\/www.imdb.com\/video\/vi628080409\/\" target=\"_blank\" rel=\"noopener\">https:\/\/www.imdb.com\/video\/vi628080409\/<\/a><\/p>\n<p>auf Englisch : <a href=\"https:\/\/childrenshealthdefense.org\/\" target=\"_blank\" rel=\"noopener\">Childrens Health Defense<\/a><\/p>\n<p>&nbsp;<\/p>\n<h5>Weitere Informationen zu Impfungen und dem Ursprung von den \"ansteckenden\" Krankheiten:<\/h5>\n<p>Buch : <a href=\"https:\/\/www.praxis-neue-medizin-verlag.de\/produkt\/was-sind-impfschaeden-was-sind-terrorschaeden-von-next-level-und-ursula-stoll\/\" target=\"_blank\" rel=\"noopener\">Was sind Impfsch\u00e4den? Was sind Terrorsch\u00e4den?<\/a>, Ursula Stoll<\/p>\n<p>&nbsp;<\/p>\n<h5>Quellen f\u00fcr diesen Artikel:<\/h5>\n<p>Buch : <a href=\"https:\/\/www.praxis-neue-medizin-verlag.de\/produkt\/die-ursachen-von-kinderkrankheiten\/\" target=\"_blank\" rel=\"noopener\">Die Ursachen von Kinderkrankheiten<\/a>, Ursula Stoll<\/p>\n<p><i>Video von Epoch Times Deutsch , vom 26.02.2019<span class=\"Apple-converted-space\">\u00a0<\/span><\/i><\/p>\n<div style=\"width: 1140px;\" class=\"wp-video\"><video class=\"wp-video-shortcode\" id=\"video-7476-1\" width=\"1140\" height=\"641\" preload=\"metadata\" controls=\"controls\"><source type=\"video\/mp4\" src=\"https:\/\/bewusstschwanger.ch\/wp-content\/uploads\/2023\/04\/video_2023-02-07_14-23-23.mp4?_=1\" \/><a href=\"https:\/\/bewusstschwanger.ch\/wp-content\/uploads\/2023\/04\/video_2023-02-07_14-23-23.mp4\">https:\/\/bewusstschwanger.ch\/wp-content\/uploads\/2023\/04\/video_2023-02-07_14-23-23.mp4<\/a><\/video><\/div>\n<p>&nbsp;<\/p>\n<\/div>\n<\/div><\/div><div id=\"panel-7476-0-0-3\" class=\"so-panel widget widget_text panel-last-child\" data-index=\"3\" >\t\t\t<div class=\"textwidget\"><p>&nbsp;<\/p>\n<p>&nbsp;<\/p>\n<p>&nbsp;<\/p>\n<\/div>\n\t\t<\/div><\/div><\/div><\/div>","protected":false},"excerpt":{"rendered":"<p>Was Sie wissen sollten, um eine vern\u00fcnftige Entscheidung f\u00fcr Sie selbst als werdende Mutter und f\u00fcr Ihr Kind treffen zu k\u00f6nnen. &nbsp; Unabh\u00e4ngig vom Sinn oder Unsinn von Impfungen, ob [&hellip;]<\/p>\n","protected":false},"author":1,"featured_media":7502,"comment_status":"open","ping_status":"closed","sticky":false,"template":"elementor_header_footer","format":"standard","meta":{"footnotes":""},"categories":[65,64],"tags":[],"class_list":["post-7476","post","type-post","status-publish","format-standard","has-post-thumbnail","hentry","category-gesundheit","category-neugeborene-sauglinge-kinder"],"yoast_head":"<!-- This site is optimized with the Yoast SEO plugin v28.1 - https:\/\/yoast.com\/product\/yoast-seo-wordpress\/ -->\n<title>Impfungen und ihre Auswirkungen - Bewusst schwanger<\/title>\n<meta name=\"description\" content=\"Impfungen und ihre Auswirkungen. Welches Risiko sie f\u00fcr Neugeborene, S\u00e4uglinge und Kleinkinder bergen. Was f\u00fcr die Mutter zu beachten ist.\" \/>\n<meta name=\"robots\" content=\"index, follow, max-snippet:-1, max-image-preview:large, max-video-preview:-1\" \/>\n<link rel=\"canonical\" href=\"https:\/\/bewusstschwanger.ch\/index.php\/2023\/04\/27\/impfungen-und-ihre-auswirkungen\/\" \/>\n<meta property=\"og:locale\" content=\"fr_FR\" \/>\n<meta property=\"og:type\" content=\"article\" \/>\n<meta property=\"og:title\" content=\"Impfungen und ihre Auswirkungen - Bewusst schwanger\" \/>\n<meta property=\"og:description\" content=\"Impfungen und ihre Auswirkungen. Welches Risiko sie f\u00fcr Neugeborene, S\u00e4uglinge und Kleinkinder bergen. Was f\u00fcr die Mutter zu beachten ist.\" \/>\n<meta property=\"og:url\" content=\"https:\/\/bewusstschwanger.ch\/index.php\/2023\/04\/27\/impfungen-und-ihre-auswirkungen\/\" \/>\n<meta property=\"og:site_name\" content=\"Bewusst schwanger\" \/>\n<meta property=\"article:published_time\" content=\"2023-04-27T15:47:00+00:00\" \/>\n<meta property=\"article:modified_time\" content=\"2024-11-06T23:31:21+00:00\" \/>\n<meta property=\"og:image\" content=\"https:\/\/bewusstschwanger.ch\/wp-content\/uploads\/2023\/04\/Impfplan-2023-Schweiz-e1682617617878.png\" \/>\n\t<meta property=\"og:image:width\" content=\"1212\" \/>\n\t<meta property=\"og:image:height\" content=\"909\" \/>\n\t<meta property=\"og:image:type\" content=\"image\/png\" \/>\n<meta name=\"author\" content=\"Rebekka G Specht\" \/>\n<meta name=\"twitter:card\" content=\"summary_large_image\" \/>\n<meta name=\"twitter:label1\" content=\"\u00c9crit par\" \/>\n\t<meta name=\"twitter:data1\" content=\"Rebekka G Specht\" \/>\n\t<meta name=\"twitter:label2\" content=\"Dur\u00e9e de lecture estim\u00e9e\" \/>\n\t<meta name=\"twitter:data2\" content=\"10 minutes\" \/>\n<script type=\"application\/ld+json\" class=\"yoast-schema-graph\">{\"@context\":\"https:\\\/\\\/schema.org\",\"@graph\":[{\"@type\":\"Article\",\"@id\":\"https:\\\/\\\/bewusstschwanger.ch\\\/index.php\\\/2023\\\/04\\\/27\\\/impfungen-und-ihre-auswirkungen\\\/#article\",\"isPartOf\":{\"@id\":\"https:\\\/\\\/bewusstschwanger.ch\\\/index.php\\\/2023\\\/04\\\/27\\\/impfungen-und-ihre-auswirkungen\\\/\"},\"author\":{\"name\":\"Rebekka G Specht\",\"@id\":\"https:\\\/\\\/bewusstschwanger.ch\\\/#\\\/schema\\\/person\\\/640f61f4e65f96071562a56530f803b0\"},\"headline\":\"Impfungen und ihre Auswirkungen\",\"datePublished\":\"2023-04-27T15:47:00+00:00\",\"dateModified\":\"2024-11-06T23:31:21+00:00\",\"mainEntityOfPage\":{\"@id\":\"https:\\\/\\\/bewusstschwanger.ch\\\/index.php\\\/2023\\\/04\\\/27\\\/impfungen-und-ihre-auswirkungen\\\/\"},\"wordCount\":1819,\"commentCount\":0,\"image\":{\"@id\":\"https:\\\/\\\/bewusstschwanger.ch\\\/index.php\\\/2023\\\/04\\\/27\\\/impfungen-und-ihre-auswirkungen\\\/#primaryimage\"},\"thumbnailUrl\":\"https:\\\/\\\/bewusstschwanger.ch\\\/wp-content\\\/uploads\\\/2023\\\/04\\\/Impfplan-2023-Schweiz-e1682617617878.png\",\"articleSection\":[\"Gesundheit\",\"Neugeborene S\u00e4uglinge Kinder\"],\"inLanguage\":\"fr-FR\",\"potentialAction\":[{\"@type\":\"CommentAction\",\"name\":\"Comment\",\"target\":[\"https:\\\/\\\/bewusstschwanger.ch\\\/index.php\\\/2023\\\/04\\\/27\\\/impfungen-und-ihre-auswirkungen\\\/#respond\"]}]},{\"@type\":\"WebPage\",\"@id\":\"https:\\\/\\\/bewusstschwanger.ch\\\/index.php\\\/2023\\\/04\\\/27\\\/impfungen-und-ihre-auswirkungen\\\/\",\"url\":\"https:\\\/\\\/bewusstschwanger.ch\\\/index.php\\\/2023\\\/04\\\/27\\\/impfungen-und-ihre-auswirkungen\\\/\",\"name\":\"Impfungen und ihre Auswirkungen - Bewusst schwanger\",\"isPartOf\":{\"@id\":\"https:\\\/\\\/bewusstschwanger.ch\\\/#website\"},\"primaryImageOfPage\":{\"@id\":\"https:\\\/\\\/bewusstschwanger.ch\\\/index.php\\\/2023\\\/04\\\/27\\\/impfungen-und-ihre-auswirkungen\\\/#primaryimage\"},\"image\":{\"@id\":\"https:\\\/\\\/bewusstschwanger.ch\\\/index.php\\\/2023\\\/04\\\/27\\\/impfungen-und-ihre-auswirkungen\\\/#primaryimage\"},\"thumbnailUrl\":\"https:\\\/\\\/bewusstschwanger.ch\\\/wp-content\\\/uploads\\\/2023\\\/04\\\/Impfplan-2023-Schweiz-e1682617617878.png\",\"datePublished\":\"2023-04-27T15:47:00+00:00\",\"dateModified\":\"2024-11-06T23:31:21+00:00\",\"author\":{\"@id\":\"https:\\\/\\\/bewusstschwanger.ch\\\/#\\\/schema\\\/person\\\/640f61f4e65f96071562a56530f803b0\"},\"description\":\"Impfungen und ihre Auswirkungen. Welches Risiko sie f\u00fcr Neugeborene, S\u00e4uglinge und Kleinkinder bergen. Was f\u00fcr die Mutter zu beachten ist.\",\"breadcrumb\":{\"@id\":\"https:\\\/\\\/bewusstschwanger.ch\\\/index.php\\\/2023\\\/04\\\/27\\\/impfungen-und-ihre-auswirkungen\\\/#breadcrumb\"},\"inLanguage\":\"fr-FR\",\"potentialAction\":[{\"@type\":\"ReadAction\",\"target\":[\"https:\\\/\\\/bewusstschwanger.ch\\\/index.php\\\/2023\\\/04\\\/27\\\/impfungen-und-ihre-auswirkungen\\\/\"]}]},{\"@type\":\"ImageObject\",\"inLanguage\":\"fr-FR\",\"@id\":\"https:\\\/\\\/bewusstschwanger.ch\\\/index.php\\\/2023\\\/04\\\/27\\\/impfungen-und-ihre-auswirkungen\\\/#primaryimage\",\"url\":\"https:\\\/\\\/bewusstschwanger.ch\\\/wp-content\\\/uploads\\\/2023\\\/04\\\/Impfplan-2023-Schweiz-e1682617617878.png\",\"contentUrl\":\"https:\\\/\\\/bewusstschwanger.ch\\\/wp-content\\\/uploads\\\/2023\\\/04\\\/Impfplan-2023-Schweiz-e1682617617878.png\",\"width\":1212,\"height\":909},{\"@type\":\"BreadcrumbList\",\"@id\":\"https:\\\/\\\/bewusstschwanger.ch\\\/index.php\\\/2023\\\/04\\\/27\\\/impfungen-und-ihre-auswirkungen\\\/#breadcrumb\",\"itemListElement\":[{\"@type\":\"ListItem\",\"position\":1,\"name\":\"Home\",\"item\":\"https:\\\/\\\/bewusstschwanger.ch\\\/\"},{\"@type\":\"ListItem\",\"position\":2,\"name\":\"Impfungen und ihre Auswirkungen\"}]},{\"@type\":\"WebSite\",\"@id\":\"https:\\\/\\\/bewusstschwanger.ch\\\/#website\",\"url\":\"https:\\\/\\\/bewusstschwanger.ch\\\/\",\"name\":\"Bewusst schwanger\",\"description\":\"f\u00fcr ein heiles Ankommen und eine respektvolle Geburt\",\"potentialAction\":[{\"@type\":\"SearchAction\",\"target\":{\"@type\":\"EntryPoint\",\"urlTemplate\":\"https:\\\/\\\/bewusstschwanger.ch\\\/?s={search_term_string}\"},\"query-input\":{\"@type\":\"PropertyValueSpecification\",\"valueRequired\":true,\"valueName\":\"search_term_string\"}}],\"inLanguage\":\"fr-FR\"},{\"@type\":\"Person\",\"@id\":\"https:\\\/\\\/bewusstschwanger.ch\\\/#\\\/schema\\\/person\\\/640f61f4e65f96071562a56530f803b0\",\"name\":\"Rebekka G Specht\",\"image\":{\"@type\":\"ImageObject\",\"inLanguage\":\"fr-FR\",\"@id\":\"https:\\\/\\\/secure.gravatar.com\\\/avatar\\\/ba370e1d0919ab46d187d559a499a7e372ab5ccd7ed110f224a8eda29d9aea0f?s=96&d=mm&r=g\",\"url\":\"https:\\\/\\\/secure.gravatar.com\\\/avatar\\\/ba370e1d0919ab46d187d559a499a7e372ab5ccd7ed110f224a8eda29d9aea0f?s=96&d=mm&r=g\",\"contentUrl\":\"https:\\\/\\\/secure.gravatar.com\\\/avatar\\\/ba370e1d0919ab46d187d559a499a7e372ab5ccd7ed110f224a8eda29d9aea0f?s=96&d=mm&r=g\",\"caption\":\"Rebekka G Specht\"},\"url\":\"https:\\\/\\\/bewusstschwanger.ch\\\/index.php\\\/author\\\/lavoix_v8339ise\\\/\"}]}<\/script>\n<!-- \/ Yoast SEO plugin. -->","yoast_head_json":{"title":"Impfungen und ihre Auswirkungen - Bewusst schwanger","description":"Impfungen und ihre Auswirkungen. Welches Risiko sie f\u00fcr Neugeborene, S\u00e4uglinge und Kleinkinder bergen. Was f\u00fcr die Mutter zu beachten ist.","robots":{"index":"index","follow":"follow","max-snippet":"max-snippet:-1","max-image-preview":"max-image-preview:large","max-video-preview":"max-video-preview:-1"},"canonical":"https:\/\/bewusstschwanger.ch\/index.php\/2023\/04\/27\/impfungen-und-ihre-auswirkungen\/","og_locale":"fr_FR","og_type":"article","og_title":"Impfungen und ihre Auswirkungen - Bewusst schwanger","og_description":"Impfungen und ihre Auswirkungen. Welches Risiko sie f\u00fcr Neugeborene, S\u00e4uglinge und Kleinkinder bergen. Was f\u00fcr die Mutter zu beachten ist.","og_url":"https:\/\/bewusstschwanger.ch\/index.php\/2023\/04\/27\/impfungen-und-ihre-auswirkungen\/","og_site_name":"Bewusst schwanger","article_published_time":"2023-04-27T15:47:00+00:00","article_modified_time":"2024-11-06T23:31:21+00:00","og_image":[{"width":1212,"height":909,"url":"https:\/\/bewusstschwanger.ch\/wp-content\/uploads\/2023\/04\/Impfplan-2023-Schweiz-e1682617617878.png","type":"image\/png"}],"author":"Rebekka G Specht","twitter_card":"summary_large_image","twitter_misc":{"\u00c9crit par":"Rebekka G Specht","Dur\u00e9e de lecture estim\u00e9e":"10 minutes"},"schema":{"@context":"https:\/\/schema.org","@graph":[{"@type":"Article","@id":"https:\/\/bewusstschwanger.ch\/index.php\/2023\/04\/27\/impfungen-und-ihre-auswirkungen\/#article","isPartOf":{"@id":"https:\/\/bewusstschwanger.ch\/index.php\/2023\/04\/27\/impfungen-und-ihre-auswirkungen\/"},"author":{"name":"Rebekka G Specht","@id":"https:\/\/bewusstschwanger.ch\/#\/schema\/person\/640f61f4e65f96071562a56530f803b0"},"headline":"Impfungen und ihre Auswirkungen","datePublished":"2023-04-27T15:47:00+00:00","dateModified":"2024-11-06T23:31:21+00:00","mainEntityOfPage":{"@id":"https:\/\/bewusstschwanger.ch\/index.php\/2023\/04\/27\/impfungen-und-ihre-auswirkungen\/"},"wordCount":1819,"commentCount":0,"image":{"@id":"https:\/\/bewusstschwanger.ch\/index.php\/2023\/04\/27\/impfungen-und-ihre-auswirkungen\/#primaryimage"},"thumbnailUrl":"https:\/\/bewusstschwanger.ch\/wp-content\/uploads\/2023\/04\/Impfplan-2023-Schweiz-e1682617617878.png","articleSection":["Gesundheit","Neugeborene S\u00e4uglinge Kinder"],"inLanguage":"fr-FR","potentialAction":[{"@type":"CommentAction","name":"Comment","target":["https:\/\/bewusstschwanger.ch\/index.php\/2023\/04\/27\/impfungen-und-ihre-auswirkungen\/#respond"]}]},{"@type":"WebPage","@id":"https:\/\/bewusstschwanger.ch\/index.php\/2023\/04\/27\/impfungen-und-ihre-auswirkungen\/","url":"https:\/\/bewusstschwanger.ch\/index.php\/2023\/04\/27\/impfungen-und-ihre-auswirkungen\/","name":"Impfungen und ihre Auswirkungen - Bewusst schwanger","isPartOf":{"@id":"https:\/\/bewusstschwanger.ch\/#website"},"primaryImageOfPage":{"@id":"https:\/\/bewusstschwanger.ch\/index.php\/2023\/04\/27\/impfungen-und-ihre-auswirkungen\/#primaryimage"},"image":{"@id":"https:\/\/bewusstschwanger.ch\/index.php\/2023\/04\/27\/impfungen-und-ihre-auswirkungen\/#primaryimage"},"thumbnailUrl":"https:\/\/bewusstschwanger.ch\/wp-content\/uploads\/2023\/04\/Impfplan-2023-Schweiz-e1682617617878.png","datePublished":"2023-04-27T15:47:00+00:00","dateModified":"2024-11-06T23:31:21+00:00","author":{"@id":"https:\/\/bewusstschwanger.ch\/#\/schema\/person\/640f61f4e65f96071562a56530f803b0"},"description":"Impfungen und ihre Auswirkungen. Welches Risiko sie f\u00fcr Neugeborene, S\u00e4uglinge und Kleinkinder bergen. Was f\u00fcr die Mutter zu beachten ist.","breadcrumb":{"@id":"https:\/\/bewusstschwanger.ch\/index.php\/2023\/04\/27\/impfungen-und-ihre-auswirkungen\/#breadcrumb"},"inLanguage":"fr-FR","potentialAction":[{"@type":"ReadAction","target":["https:\/\/bewusstschwanger.ch\/index.php\/2023\/04\/27\/impfungen-und-ihre-auswirkungen\/"]}]},{"@type":"ImageObject","inLanguage":"fr-FR","@id":"https:\/\/bewusstschwanger.ch\/index.php\/2023\/04\/27\/impfungen-und-ihre-auswirkungen\/#primaryimage","url":"https:\/\/bewusstschwanger.ch\/wp-content\/uploads\/2023\/04\/Impfplan-2023-Schweiz-e1682617617878.png","contentUrl":"https:\/\/bewusstschwanger.ch\/wp-content\/uploads\/2023\/04\/Impfplan-2023-Schweiz-e1682617617878.png","width":1212,"height":909},{"@type":"BreadcrumbList","@id":"https:\/\/bewusstschwanger.ch\/index.php\/2023\/04\/27\/impfungen-und-ihre-auswirkungen\/#breadcrumb","itemListElement":[{"@type":"ListItem","position":1,"name":"Home","item":"https:\/\/bewusstschwanger.ch\/"},{"@type":"ListItem","position":2,"name":"Impfungen und ihre Auswirkungen"}]},{"@type":"WebSite","@id":"https:\/\/bewusstschwanger.ch\/#website","url":"https:\/\/bewusstschwanger.ch\/","name":"Bewusst schwanger","description":"f\u00fcr ein heiles Ankommen und eine respektvolle Geburt","potentialAction":[{"@type":"SearchAction","target":{"@type":"EntryPoint","urlTemplate":"https:\/\/bewusstschwanger.ch\/?s={search_term_string}"},"query-input":{"@type":"PropertyValueSpecification","valueRequired":true,"valueName":"search_term_string"}}],"inLanguage":"fr-FR"},{"@type":"Person","@id":"https:\/\/bewusstschwanger.ch\/#\/schema\/person\/640f61f4e65f96071562a56530f803b0","name":"Rebekka G Specht","image":{"@type":"ImageObject","inLanguage":"fr-FR","@id":"https:\/\/secure.gravatar.com\/avatar\/ba370e1d0919ab46d187d559a499a7e372ab5ccd7ed110f224a8eda29d9aea0f?s=96&d=mm&r=g","url":"https:\/\/secure.gravatar.com\/avatar\/ba370e1d0919ab46d187d559a499a7e372ab5ccd7ed110f224a8eda29d9aea0f?s=96&d=mm&r=g","contentUrl":"https:\/\/secure.gravatar.com\/avatar\/ba370e1d0919ab46d187d559a499a7e372ab5ccd7ed110f224a8eda29d9aea0f?s=96&d=mm&r=g","caption":"Rebekka G Specht"},"url":"https:\/\/bewusstschwanger.ch\/index.php\/author\/lavoix_v8339ise\/"}]}},"_links":{"self":[{"href":"https:\/\/bewusstschwanger.ch\/index.php\/wp-json\/wp\/v2\/posts\/7476","targetHints":{"allow":["GET"]}}],"collection":[{"href":"https:\/\/bewusstschwanger.ch\/index.php\/wp-json\/wp\/v2\/posts"}],"about":[{"href":"https:\/\/bewusstschwanger.ch\/index.php\/wp-json\/wp\/v2\/types\/post"}],"author":[{"embeddable":true,"href":"https:\/\/bewusstschwanger.ch\/index.php\/wp-json\/wp\/v2\/users\/1"}],"replies":[{"embeddable":true,"href":"https:\/\/bewusstschwanger.ch\/index.php\/wp-json\/wp\/v2\/comments?post=7476"}],"version-history":[{"count":18,"href":"https:\/\/bewusstschwanger.ch\/index.php\/wp-json\/wp\/v2\/posts\/7476\/revisions"}],"predecessor-version":[{"id":7549,"href":"https:\/\/bewusstschwanger.ch\/index.php\/wp-json\/wp\/v2\/posts\/7476\/revisions\/7549"}],"wp:featuredmedia":[{"embeddable":true,"href":"https:\/\/bewusstschwanger.ch\/index.php\/wp-json\/wp\/v2\/media\/7502"}],"wp:attachment":[{"href":"https:\/\/bewusstschwanger.ch\/index.php\/wp-json\/wp\/v2\/media?parent=7476"}],"wp:term":[{"taxonomy":"category","embeddable":true,"href":"https:\/\/bewusstschwanger.ch\/index.php\/wp-json\/wp\/v2\/categories?post=7476"},{"taxonomy":"post_tag","embeddable":true,"href":"https:\/\/bewusstschwanger.ch\/index.php\/wp-json\/wp\/v2\/tags?post=7476"}],"curies":[{"name":"wp","href":"https:\/\/api.w.org\/{rel}","templated":true}]}}