{"id":7453,"date":"2023-04-26T13:51:41","date_gmt":"2023-04-26T13:51:41","guid":{"rendered":"https:\/\/bewusstschwanger.ch\/?p=7453"},"modified":"2023-04-27T14:44:57","modified_gmt":"2023-04-27T14:44:57","slug":"autismus-aluminium-ultraschall","status":"publish","type":"post","link":"https:\/\/bewusstschwanger.ch\/index.php\/2023\/04\/26\/autismus-aluminium-ultraschall\/","title":{"rendered":"Autismus, Aluminium und Ultraschall"},"content":{"rendered":"<div id=\"pl-7453\"  class=\"panel-layout\" ><div id=\"pg-7453-0\"  class=\"panel-grid panel-no-style\" ><div id=\"pgc-7453-0-0\"  class=\"panel-grid-cell\" ><div id=\"panel-7453-0-0-0\" class=\"so-panel widget widget_text panel-first-child\" data-index=\"0\" >\t\t\t<div class=\"textwidget\"><\/div>\n\t\t<\/div><div id=\"panel-7453-0-0-1\" class=\"so-panel widget widget_sow-editor\" data-index=\"1\" ><div\n\t\t\t\n\t\t\tclass=\"so-widget-sow-editor so-widget-sow-editor-base\"\n\t\t\t\n\t\t><h3 class=\"widget-title\">Autismus, Aluminium und Ultraschall<\/h3>\n<div class=\"siteorigin-widget-tinymce textwidget\">\n\t<h2 style=\"text-align: center;\">Was vor und w\u00e4hrend der Schwangerschaft wichtig zu wissen ist.<\/h2>\n<p>&nbsp;<\/p>\n<p>M\u00f6gliche Ursachen von Autismus:<\/p>\n<p>1.) Auswirkung von Aluminium<\/p>\n<p>2.) Elektromagnetische Strahlung<\/p>\n<p>3.) Laute Ger\u00e4usche w\u00e4hrend der Schwangerschaft und Ultraschall.<\/p>\n<p>&nbsp;<\/p>\n<div class=\"x11i5rnm xat24cr x1mh8g0r x1vvkbs xdj266r x126k92a\">\n<div class=\"x11i5rnm xat24cr x1mh8g0r x1vvkbs xtlvy1s x126k92a\">\n<h3>1.) Aluminium im Gehirn<\/h3>\n<p>Professor Chris Exley, auch \"Mister Aluminium\" genannt, hat unter anderem herausgefunden, dass dieses Leichtmetall seit etwa 20 Jahren vermehrt im Wasserkreislauf der Natur und damit auch im Trinkwasser vorkommt.<\/p>\n<p>Chris Exley untersuchte verstorbene Autisten und entdeckte in deren Gehirnen gro\u00dfe Mengen an Aluminium. Seiner Meinung nach kann Glyphosat, das unsere Umwelt immer st\u00e4rker belastet, zusammen mit Aluminium neue synergistische biochemische Molek\u00fcle bilden, die leicht die Blut-Hirn-Schranke \u00fcberwinden und ins Gehirn gelangen.<\/p>\n<div dir=\"auto\">\n<p>Exley hatte in den Gehirnen von autistischen Kindern mehr Aluminium nachgewiesen als bei sehr alten Menschen mit Demenz. F\u00fcr ihn ist klar, dass die vielen fr\u00fchen Impfungen von Babys diese erschreckende Kontamination verursachen. Es ist bekannt, dass Aluminium den Impfstoffen als Wirkungsverst\u00e4rker (Adjuvans) zugesetzt werden, die dann auch ins Gehirn gelangen.<\/p>\n<p>Hyperaktivit\u00e4t bei Kindern sowie die Alzheimer-Krankheit und Demenz sind ebenfalls auf dieselben Urspr\u00fcnge zur\u00fcckzuf\u00fchren.<\/p>\n<p>Hier sind einige Schl\u00fcsselpunkte der Konferenz \u00fcber den Zusammenhang zwischen Aluminium und der Gesundheit von Kindern (auf Englisch):\u00a0<a class=\"x1i10hfl xjbqb8w x6umtig x1b1mbwd xaqea5y xav7gou x9f619 x1ypdohk xt0psk2 xe8uvvx xdj266r x11i5rnm xat24cr x1mh8g0r xexx8yu x4uap5 x18d9i69 xkhd6sd x16tdsg8 x1hl2dhg xggy1nq x1a2a7pz xt0b8zv x1fey0fg\" tabindex=\"0\" role=\"link\" href=\"https:\/\/www.bitchute.com\/video\/wiGgvMpihIxK\/?fbclid=IwAR08FR21DEyVdulrP-1RzT0JNJXU_OArZOncPbyXc0ac-lCcF_JRg45BTOQ\" target=\"_blank\" rel=\"nofollow noopener\">https:\/\/www.bitchute.com\/video\/wiGgvMpihIxK\/<\/a><\/p>\n<p>&nbsp;<\/p>\n<\/div>\n<div class=\"x11i5rnm xat24cr x1mh8g0r x1vvkbs xtlvy1s x126k92a\">\n<h4>Wo wurde Aluminium gefunden?<\/h4>\n<ul>\n<li>in jungen M\u00e4nner, wodurch sich die Menge an Spermazoiden verringert<\/li>\n<li>in jungen Frauen, die das Aluminium, wie auch andere Gifte an ihre zuk\u00fcnftigen Babys weitergeben<\/li>\n<li>in Milchpulver f\u00fcr S\u00e4uglinge (wobei sich h\u00f6chste Menge in dem f\u00fcr Fr\u00fchgeborene befanden).<\/li>\n<li>in Kinderimpfstoffen (aufgrund des Adjuvans aus Aluminiumsalz).<\/li>\n<\/ul>\n<p>Aber weder der Darm noch die Leber eines Kleinkindes, geschweige denn eines F\u00f6tus oder S\u00e4uglings, sind ausgereift genug, um dieses Gift aus dem K\u00f6rper zu entfernen.<\/p>\n<p>&nbsp;<\/p>\n<\/div>\n<h4>Wie wird Aluminium ausgeschieden?<\/h4>\n<p>Bei einem Erwachsenen zeigte sich der Weg \u00fcber das Schwitzen, also \u00fcber die Haut, als der Effektivste. An zweiter Stelle erst \u00fcber den Urin. Ein S\u00e4ugling oder Kleinkind schwitzt oder pinkelt jedoch nicht in einer Menge, die proportional zu seinem K\u00f6rper ist, wie ein Erwachsener. Es kann dieses Gift nicht auf die gleiche Weise ausscheiden wie ein Erwachsener. Daher sammelt sich das Aluminium im K\u00f6rper eines S\u00e4uglings\/Kleinkindes an, besonders im Gehirn.<\/p>\n<p>Silikonreiches Wasser (1l pro Tag, z.Bsp. mit aus Bambussprossen gewonnenes Siliziumpulver von Purazell angereichertes Trinkwasser)\u00a0hilft dem K\u00f6rper, Aluminium auszuscheiden, damit es sich nicht weiter ansammelt. Auch Kr\u00e4utertees aus Ackerschachtelhalm, Brennnessel und Spitzwegerich haben eine \u00e4hnliche Wirkung. Eine <strong>umfassende Entgiftung des K\u00f6rpers<\/strong>, bei der auch andere Giftstoffe, Nanopartikel und Belastungen ausgeschieden werden, ist f\u00fcr die eigene Gesundheit und insbesondere <strong>vor der Empf\u00e4ngnis und Zeugung eines Kindes heutzutage definitiv notwendig<\/strong> \u00a0(siehe <a href=\"https:\/\/bewusstschwanger.ch\/index.php\/2022\/12\/30\/se-preparer-a-la-grossesse\/\" target=\"_blank\" rel=\"noopener\">Interview mit Klinghart<\/a>).<\/p>\n<div class=\"x11i5rnm xat24cr x1mh8g0r x1vvkbs xtlvy1s x126k92a\">\n<div class=\"x11i5rnm xat24cr x1mh8g0r x1vvkbs xtlvy1s x126k92a\"><\/div>\n<div><\/div>\n<div class=\"x11i5rnm xat24cr x1mh8g0r x1vvkbs xtlvy1s x126k92a\"><em>Anmerkung :<\/em><\/div>\n<p><em>Im August 2021, nachdem Professor Exley diese Ergebnisse mitgeteilt hatte, wurden er und sein Team entlassen. Nach 37 Jahren Aluminiumforschung mussten Exley und zwei seiner Kollegen die Universit\u00e4t Keele in Staffordshire, England, verlassen. In seinem Abschiedsbrief schrieb er: \"Es ist schwierig, akademische Einrichtungen zu finden, die nicht von Bill Gates, GAVI usw. korrumpiert wurden. Er und seine Kollegen forschen nun privat und haben daf\u00fcr eine unabh\u00e4ngige Website eingerichtet:<\/em><em><a class=\"x1i10hfl xjbqb8w x6umtig x1b1mbwd xaqea5y xav7gou x9f619 x1ypdohk xt0psk2 xe8uvvx xdj266r x11i5rnm xat24cr x1mh8g0r xexx8yu x4uap5 x18d9i69 xkhd6sd x16tdsg8 x1hl2dhg xggy1nq x1a2a7pz xt0b8zv x1fey0fg\" tabindex=\"0\" role=\"link\" href=\"https:\/\/www.aluminiumresearchgroup.com\/?fbclid=IwAR1QJkMl0W0e_L_tr0K69DnrgBVxdkVNpG52PMgDnBr8bRJEWvHtwXiXAB4\" target=\"_blank\" rel=\"nofollow noopener\">https:\/\/www.aluminiumresearchgroup.com\/<\/a><\/em><\/p>\n<p>&nbsp;<\/p>\n<\/div>\n<h3>2.) Belastung durch elektromagnetische Strahlung<\/h3>\n<p>\u00dcber die Dunkelfeldmikroskopie kann nachgewiesen werden, wie sich elektromagnetische Strahlung (Mobiltelefon, BlueTooth, Wifi, viel Arbeit am Computer, Laptop, etc.) auf das menschliche Blut auswirkt. Es neigt zur sogenannten Geldrollenbildung und kann, bereits nach kurzer Strahlenbelastung, nicht mehr frei fliessen. Der K\u00f6rper der Schwangeren wird nicht mehr ideal mit Sauerstoff versorgt und somit auch der F\u00f6tus. Das Blut im Kind wird sich zudem vermutlich \u00e4hnlich verhalten wie jenes eines erwachsenen Menschen, was eine weitere Auswirkung auf seinen K\u00f6rper hat.<\/p>\n<p>Bei der Suche nach Ursachen konnte ein Zusammenhang zwischen autistischen Babys und einer hohen Belastung durch elektromagnetische Strahlung und Mikrowellenstrahlung am Schlafplatz der M\u00fctter w\u00e4hrend der Schwangerschaft festgestellt werden.<\/p>\n<p>&nbsp;<\/p>\n<h3>3.) Laute Ger\u00e4usche w\u00e4hrend der Schwangerschaft<\/h3>\n<p>Mit den Erkenntnissen der <strong>Universellen Biologie<\/strong> (Neue Medizin, aufbauend auf den Forschungen von Dr. Hamer) wei\u00df man, dass <strong>pl\u00f6tzliche laute Ger\u00e4usche<\/strong>, aber auch immer wiederkehrende Ger\u00e4usche wie eine Kreiss\u00e4ge oder ein Presslufthammer in der N\u00e4he einer schwangeren Frau, besonders in den ersten Wochen der Schwangerschaft, als auch Ultraschalluntersuchungen zu einer Trisomie 21 beim Ungeborenen f\u00fchren k\u00f6nnen. Der Foetus hat, je nachdem, wie es die Ger\u00e4usche wahrgenommen hat, einen <strong>doppelten H\u00f6rkonflikt<\/strong> erlitten, d. h. er war mindestens zweimal demselben oder einem \u00e4hnlichen be\u00e4ngstigenden lauten und aufschreckenden Schallph\u00e4nomen ausgesetzt, das als Schock erlebt wurde und ein <strong>zellul\u00e4res als auch psychisches\u00a0Trauma<\/strong> hinterlassen hat.<\/p>\n<p>&nbsp;<\/p>\n<h5>Ultraschall<\/h5>\n<p>Es wurde nie bewiesen, dass Ultraschall-Untersuchungen harmlos sind. Im Gegenteil, es wird angenommen, dass diese Diagnosemethode ernsthafte Gefahren birgt (siehe Liste weiter unten). Die unnat\u00fcrlichen Schallwellen verleiten das Ungeborene zu unkoordinierten, hektischen Bewegungen. Es handelt sich dabei um den verzweifelten Versuch, den Ersch\u00fctterungen und der Lautst\u00e4rke auszuweichen. Ein nat\u00fcrlich h\u00f6rbarer Ton liegt zwischen 16 und 20 kHz. Ultraschall liegt zwischen 20KHz und 1,6 GHz und hat f\u00fcr den F\u00f6tus eine wahrnehmbare Lautst\u00e4rke wie ein vorbei rauschender Schnell-Zug. Dieser f\u00e4hrt in der Regel schnell vorbei und ist wieder weg, w\u00e4hrend bei der Ultraschall-Untersuchung, das Kind \u00fcber einen l\u00e4ngeren Zeitraum direkt visiert wird. Zudem kann es im Vergleich zu einem Erwachsenen, der den Zug ankommen und wieder wegfahren sieht und h\u00f6rt, nicht erfassen, was geschieht und woher diese pl\u00f6tzlichen starken Ger\u00e4usche und Ersch\u00fctterungen kommen.<\/p>\n<p>So wie Walfische und andere Meerestiere durch Sonarwellen und laute Schiffs-und Explosions-Ger\u00e4usche unter Wasser die Orientierung verlieren, so wird es dem Ungeborenen im Bauch der Mutter \u00e4hnlich ergehen.<\/p>\n<p>Ein Zusammenhang l\u00e4sst sich bereits aus der Tatsache ableiten, dass \u00e4ltere Schwangere als 'gef\u00e4hrdeter' gelten, Kinder mit Trisomie 21 zu geb\u00e4ren. Interessanterweise sind es genau diese Schwangeren, die h\u00e4ufiger Ultraschalluntersuchungen unterzogen werden.<\/p>\n<p>&nbsp;<\/p>\n<h5>Warum Ultraschalluntersuchungen so weit wie m\u00f6glich vermieden werden sollten :<\/h5>\n<p>Die Ultraschallwellen dringen in den heiligen Raum des Babys ein und st\u00f6ren seine Ruhe. Seine Intimsph\u00e4re wird missachtet. Die Wellen breiten sich innerhalb der Fruchtblase aus und bringen das Fruchtwasser in Bewegung. Zudem informieren sie das intrazellul\u00e4re Wasser des kindlichen K\u00f6rpers mit einer Frequenz, die dort nat\u00fcrlicherweise nicht vorhanden w\u00e4re.<\/p>\n<div class=\"x11i5rnm xat24cr x1mh8g0r x1vvkbs xtlvy1s x126k92a\">\n<div class=\"x11i5rnm xat24cr x1mh8g0r x1vvkbs xtlvy1s x126k92a\"><\/div>\n<div class=\"x11i5rnm xat24cr x1mh8g0r x1vvkbs xtlvy1s x126k92a\">\n<div dir=\"auto\">\n<p>Laut Lynn McTaggart und ihren Studien f\u00fchrt Ultraschall zu Zellsch\u00e4den und einer Ver\u00e4nderung der DNA. Frauen, die Ultraschall ausgesetzt waren, zeigten folgende negative Auswirkungen :<\/p>\n<ul>\n<li>ein vorzeitiger Eisprung bei Frauen, die gerade entbunden haben <em>(Testart, 1982)<\/em>,<\/li>\n<li>vorzeitige Wehen oder Fehlgeburten <em>(Lorenz, 1990, Saari-Kemppainen, 1990)<\/em>,<\/li>\n<li>ein niedriges Geburtsgewicht des Babys <em>(Newnham, 1993, Geerts, 1996)<\/em>,<\/li>\n<li>schlechtere k\u00f6rperliche Verfassung bei der Geburt <em>(Thacker 1985, Newnham, 1991)<\/em>,<\/li>\n<li>erh\u00f6hte perinatale Sterblichkeit <em>(Davies 1992)<\/em>,<\/li>\n<li>Legasthenie bei Kindern <em>(Stark, 1984)<\/em>,<\/li>\n<li>Verz\u00f6gerung der Sprachentwicklung bei Kindern <em>(Campbell 1993)<\/em>,<\/li>\n<li>verminderte Rechtsh\u00e4ndigkeit, insbesondere bei Jungen, und eine m\u00f6gliche Neigung zur Homosexualit\u00e4t <em>(Salvesen 1993, Kiefer 1998, Salvesen 1999)<\/em>,<\/li>\n<li>Risiko von Herzfehlern, Hyperaktivit\u00e4t und Hirnsch\u00e4den.<\/li>\n<\/ul>\n<\/div>\n<div dir=\"auto\">Viele dieser Ph\u00e4nomene lassen sich mit der Universalbiologie eindeutig erkl\u00e4ren.<\/div>\n<div dir=\"auto\">Auch die Schulmedizin ist mittlerweile skeptischer geworden und erlaubt in Deutschland nur noch ein minimum an Ultraschalluntersuchungen; w\u00e4hrend Firmen mit 3D-Filmchen ihr privates Gesch\u00e4ft machen.<\/div>\n<div dir=\"auto\"><\/div>\n<\/div>\n<div class=\"x11i5rnm xat24cr x1mh8g0r x1vvkbs xtlvy1s x126k92a\">\n<div dir=\"auto\"><em>Quelle: <a href=\"https:\/\/www.zeitenschrift.com\/artikel\/ultraschall-warnung-an-werdende-muetter\" target=\"_blank\" rel=\"noopener\">https:\/\/www.zeitenschrift.com\/artikel\/ultraschall-warnung-an-werdende-muetter<\/a><\/em><\/div>\n<p>&nbsp;<\/p>\n<p><strong>F\u00fcr das Wohlbefinden und den Respekt gegen\u00fcber Ihrem zuk\u00fcnftigen Kind ...<\/strong><\/p>\n<ul>\n<li>Halte Dich von lautem L\u00e4rm fern (Maschinen, Musik, Schie\u00df\u00fcbungen, ...). Falls Du selbst \u00fcberrascht wurdest, atme tief durch, sch\u00fcttele Dich frei (wie ein nasser Hund) und erkl\u00e4ren Deinem Kind was geschehen ist. Gib ihm das Gef\u00fchl von Sicherheit, damit es sich wieder entspannen kann.<\/li>\n<\/ul>\n<p>&nbsp;<\/p>\n<ul>\n<li>Reduziere die Ultraschalluntersuchungen auf ein Minimum (2 sind v\u00f6llig ausreichend). Vermeide diese vor der 15. Schwangerschaftswoche und\u00a0ziehe stattdessen das traditionelle Zuh\u00f6ren einer Hebamme vor. Ansonsten sprich telepathisch mit Deinem Baby und bereite es darauf vor. Die Belastung wird dadurch nicht vermindert, doch kommt sie nicht mehr \u00fcberraschend und das Kind sp\u00fcrt, dass Du in Verbindung mit ihm stehst und da bist. Es f\u00fchlt sich dann nicht allein und auch weniger \u00fcberfordert.<\/li>\n<\/ul>\n<\/div>\n<p>&nbsp;<\/p>\n<p>\u00dcber eine bewusste und achtsame Verbindung zu Deinem K\u00f6rper und dem Ungeborenen sp\u00fcrst Du ohnehin, wie es Deinem Nachwuchs geht. <strong>Vertraue auf Deine Intuition.<\/strong><\/p>\n<\/div>\n<\/div>\n<\/div>\n<\/div>\n<\/div><\/div><div id=\"panel-7453-0-0-2\" class=\"so-panel widget widget_sow-headline\" data-index=\"2\" ><div\n\t\t\t\n\t\t\tclass=\"so-widget-sow-headline so-widget-sow-headline-default-d6db24c2db75-7453\"\n\t\t\t\n\t\t><div class=\"sow-headline-container \">\n\t\t\t\t\t\t<div class=\"decoration\">\n\t\t\t\t\t\t<div class=\"decoration-inside\"><\/div>\n\t\t\t\t\t<\/div>\n\t\t\t\t\t<\/div>\n<\/div><\/div><div id=\"panel-7453-0-0-3\" class=\"so-panel widget widget_sow-editor\" data-index=\"3\" ><div\n\t\t\t\n\t\t\tclass=\"so-widget-sow-editor so-widget-sow-editor-base\"\n\t\t\t\n\t\t>\n<div class=\"siteorigin-widget-tinymce textwidget\">\n\t<p>Weiterf\u00fchrende Informationen :<\/p>\n<blockquote class=\"wp-embedded-content\" data-secret=\"rdzI3eGbjp\"><p><a href=\"https:\/\/tkp.at\/2023\/01\/04\/autismus-bei-kindern-nimmt-rapide-zu-dank-48-impfungen-bis-zum-15-lebensjahr\/\">Autismus bei Kindern nimmt rapide zu \u2013 dank 52 Impfungen bis zum 15. Lebensjahr?<\/a><\/p><\/blockquote>\n<p><iframe class=\"wp-embedded-content\" sandbox=\"allow-scripts\" security=\"restricted\" style=\"position: absolute; clip: rect(1px, 1px, 1px, 1px);\" title=\"&#8222;Autismus bei Kindern nimmt rapide zu \u2013 dank 52 Impfungen bis zum 15. Lebensjahr?&#8220; &#8212; tkp.at\" src=\"https:\/\/tkp.at\/2023\/01\/04\/autismus-bei-kindern-nimmt-rapide-zu-dank-48-impfungen-bis-zum-15-lebensjahr\/embed\/#?secret=lqUFyKQIL3#?secret=rdzI3eGbjp\" data-secret=\"rdzI3eGbjp\" width=\"600\" height=\"338\" frameborder=\"0\" marginwidth=\"0\" marginheight=\"0\" scrolling=\"no\"><\/iframe><\/p>\n<p>&nbsp;<\/p>\n<p>&nbsp;<\/p>\n<p>&nbsp;<\/p>\n<p>&nbsp;<\/p>\n<p>&nbsp;<\/p>\n<p>&nbsp;<\/p>\n<p>&nbsp;<\/p>\n<p>&nbsp;<\/p>\n<p>&nbsp;<\/p>\n<p>&nbsp;<\/p>\n<\/div>\n<\/div><\/div><div id=\"panel-7453-0-0-4\" class=\"so-panel widget widget_text panel-last-child\" data-index=\"4\" >\t\t\t<div class=\"textwidget\"><\/div>\n\t\t<\/div><\/div><\/div><\/div>","protected":false},"excerpt":{"rendered":"<p>Was vor und w\u00e4hrend der Schwangerschaft wichtig zu wissen ist. &nbsp; M\u00f6gliche Ursachen von Autismus: 1.) Auswirkung von Aluminium 2.) Elektromagnetische Strahlung 3.) Laute Ger\u00e4usche w\u00e4hrend der Schwangerschaft und Ultraschall. [&hellip;]<\/p>\n","protected":false},"author":1,"featured_media":7455,"comment_status":"open","ping_status":"closed","sticky":false,"template":"elementor_header_footer","format":"standard","meta":{"footnotes":""},"categories":[34,31,61],"tags":[],"class_list":["post-7453","post","type-post","status-publish","format-standard","has-post-thumbnail","hentry","category-empfaengnis","category-schwangerschaft","category-zeugung"],"yoast_head":"<!-- This site is optimized with the Yoast SEO plugin v28.1 - https:\/\/yoast.com\/product\/yoast-seo-wordpress\/ -->\n<title>Autismus, Aluminium und Ultraschall - Bewusst schwanger<\/title>\n<meta name=\"description\" content=\"Welche Auswirkungen haben Aluminium und Ultraschallwellen auf das ungeborene Leben? Ein m\u00f6glicher Zusammenhang mit Autismus.\" \/>\n<meta name=\"robots\" content=\"index, follow, max-snippet:-1, max-image-preview:large, max-video-preview:-1\" \/>\n<link rel=\"canonical\" href=\"https:\/\/bewusstschwanger.ch\/index.php\/2023\/04\/26\/autismus-aluminium-ultraschall\/\" \/>\n<meta property=\"og:locale\" content=\"fr_FR\" \/>\n<meta property=\"og:type\" content=\"article\" \/>\n<meta property=\"og:title\" content=\"Autismus, Aluminium und Ultraschall - Bewusst schwanger\" \/>\n<meta property=\"og:description\" content=\"Welche Auswirkungen haben Aluminium und Ultraschallwellen auf das ungeborene Leben? Ein m\u00f6glicher Zusammenhang mit Autismus.\" \/>\n<meta property=\"og:url\" content=\"https:\/\/bewusstschwanger.ch\/index.php\/2023\/04\/26\/autismus-aluminium-ultraschall\/\" \/>\n<meta property=\"og:site_name\" content=\"Bewusst schwanger\" \/>\n<meta property=\"article:published_time\" content=\"2023-04-26T13:51:41+00:00\" \/>\n<meta property=\"article:modified_time\" content=\"2023-04-27T14:44:57+00:00\" \/>\n<meta property=\"og:image\" content=\"https:\/\/bewusstschwanger.ch\/wp-content\/uploads\/2023\/04\/Temoignage-enfant-trisomique-nathanael-e1682517324250.jpg\" \/>\n\t<meta property=\"og:image:width\" content=\"1775\" \/>\n\t<meta property=\"og:image:height\" content=\"1333\" \/>\n\t<meta property=\"og:image:type\" content=\"image\/jpeg\" \/>\n<meta name=\"author\" content=\"Rebekka G Specht\" \/>\n<meta name=\"twitter:card\" content=\"summary_large_image\" \/>\n<meta name=\"twitter:label1\" content=\"\u00c9crit par\" \/>\n\t<meta name=\"twitter:data1\" content=\"Rebekka G Specht\" \/>\n\t<meta name=\"twitter:label2\" content=\"Dur\u00e9e de lecture estim\u00e9e\" \/>\n\t<meta name=\"twitter:data2\" content=\"7 minutes\" \/>\n<script type=\"application\/ld+json\" class=\"yoast-schema-graph\">{\"@context\":\"https:\\\/\\\/schema.org\",\"@graph\":[{\"@type\":\"Article\",\"@id\":\"https:\\\/\\\/bewusstschwanger.ch\\\/index.php\\\/2023\\\/04\\\/26\\\/autismus-aluminium-ultraschall\\\/#article\",\"isPartOf\":{\"@id\":\"https:\\\/\\\/bewusstschwanger.ch\\\/index.php\\\/2023\\\/04\\\/26\\\/autismus-aluminium-ultraschall\\\/\"},\"author\":{\"name\":\"Rebekka G Specht\",\"@id\":\"https:\\\/\\\/bewusstschwanger.ch\\\/#\\\/schema\\\/person\\\/640f61f4e65f96071562a56530f803b0\"},\"headline\":\"Autismus, Aluminium und Ultraschall\",\"datePublished\":\"2023-04-26T13:51:41+00:00\",\"dateModified\":\"2023-04-27T14:44:57+00:00\",\"mainEntityOfPage\":{\"@id\":\"https:\\\/\\\/bewusstschwanger.ch\\\/index.php\\\/2023\\\/04\\\/26\\\/autismus-aluminium-ultraschall\\\/\"},\"wordCount\":1385,\"commentCount\":0,\"image\":{\"@id\":\"https:\\\/\\\/bewusstschwanger.ch\\\/index.php\\\/2023\\\/04\\\/26\\\/autismus-aluminium-ultraschall\\\/#primaryimage\"},\"thumbnailUrl\":\"https:\\\/\\\/bewusstschwanger.ch\\\/wp-content\\\/uploads\\\/2023\\\/04\\\/Temoignage-enfant-trisomique-nathanael-e1682517324250.jpg\",\"articleSection\":[\"Empf\u00e4ngnis\",\"Schwangerschaft\",\"Zeugung\"],\"inLanguage\":\"fr-FR\",\"potentialAction\":[{\"@type\":\"CommentAction\",\"name\":\"Comment\",\"target\":[\"https:\\\/\\\/bewusstschwanger.ch\\\/index.php\\\/2023\\\/04\\\/26\\\/autismus-aluminium-ultraschall\\\/#respond\"]}]},{\"@type\":\"WebPage\",\"@id\":\"https:\\\/\\\/bewusstschwanger.ch\\\/index.php\\\/2023\\\/04\\\/26\\\/autismus-aluminium-ultraschall\\\/\",\"url\":\"https:\\\/\\\/bewusstschwanger.ch\\\/index.php\\\/2023\\\/04\\\/26\\\/autismus-aluminium-ultraschall\\\/\",\"name\":\"Autismus, Aluminium und Ultraschall - Bewusst schwanger\",\"isPartOf\":{\"@id\":\"https:\\\/\\\/bewusstschwanger.ch\\\/#website\"},\"primaryImageOfPage\":{\"@id\":\"https:\\\/\\\/bewusstschwanger.ch\\\/index.php\\\/2023\\\/04\\\/26\\\/autismus-aluminium-ultraschall\\\/#primaryimage\"},\"image\":{\"@id\":\"https:\\\/\\\/bewusstschwanger.ch\\\/index.php\\\/2023\\\/04\\\/26\\\/autismus-aluminium-ultraschall\\\/#primaryimage\"},\"thumbnailUrl\":\"https:\\\/\\\/bewusstschwanger.ch\\\/wp-content\\\/uploads\\\/2023\\\/04\\\/Temoignage-enfant-trisomique-nathanael-e1682517324250.jpg\",\"datePublished\":\"2023-04-26T13:51:41+00:00\",\"dateModified\":\"2023-04-27T14:44:57+00:00\",\"author\":{\"@id\":\"https:\\\/\\\/bewusstschwanger.ch\\\/#\\\/schema\\\/person\\\/640f61f4e65f96071562a56530f803b0\"},\"description\":\"Welche Auswirkungen haben Aluminium und Ultraschallwellen auf das ungeborene Leben? Ein m\u00f6glicher Zusammenhang mit Autismus.\",\"breadcrumb\":{\"@id\":\"https:\\\/\\\/bewusstschwanger.ch\\\/index.php\\\/2023\\\/04\\\/26\\\/autismus-aluminium-ultraschall\\\/#breadcrumb\"},\"inLanguage\":\"fr-FR\",\"potentialAction\":[{\"@type\":\"ReadAction\",\"target\":[\"https:\\\/\\\/bewusstschwanger.ch\\\/index.php\\\/2023\\\/04\\\/26\\\/autismus-aluminium-ultraschall\\\/\"]}]},{\"@type\":\"ImageObject\",\"inLanguage\":\"fr-FR\",\"@id\":\"https:\\\/\\\/bewusstschwanger.ch\\\/index.php\\\/2023\\\/04\\\/26\\\/autismus-aluminium-ultraschall\\\/#primaryimage\",\"url\":\"https:\\\/\\\/bewusstschwanger.ch\\\/wp-content\\\/uploads\\\/2023\\\/04\\\/Temoignage-enfant-trisomique-nathanael-e1682517324250.jpg\",\"contentUrl\":\"https:\\\/\\\/bewusstschwanger.ch\\\/wp-content\\\/uploads\\\/2023\\\/04\\\/Temoignage-enfant-trisomique-nathanael-e1682517324250.jpg\",\"width\":1775,\"height\":1333,\"caption\":\"Autismus Aluminium Ultraschall bewusst schwanger\"},{\"@type\":\"BreadcrumbList\",\"@id\":\"https:\\\/\\\/bewusstschwanger.ch\\\/index.php\\\/2023\\\/04\\\/26\\\/autismus-aluminium-ultraschall\\\/#breadcrumb\",\"itemListElement\":[{\"@type\":\"ListItem\",\"position\":1,\"name\":\"Home\",\"item\":\"https:\\\/\\\/bewusstschwanger.ch\\\/\"},{\"@type\":\"ListItem\",\"position\":2,\"name\":\"Autismus, Aluminium und Ultraschall\"}]},{\"@type\":\"WebSite\",\"@id\":\"https:\\\/\\\/bewusstschwanger.ch\\\/#website\",\"url\":\"https:\\\/\\\/bewusstschwanger.ch\\\/\",\"name\":\"Bewusst schwanger\",\"description\":\"f\u00fcr ein heiles Ankommen und eine respektvolle Geburt\",\"potentialAction\":[{\"@type\":\"SearchAction\",\"target\":{\"@type\":\"EntryPoint\",\"urlTemplate\":\"https:\\\/\\\/bewusstschwanger.ch\\\/?s={search_term_string}\"},\"query-input\":{\"@type\":\"PropertyValueSpecification\",\"valueRequired\":true,\"valueName\":\"search_term_string\"}}],\"inLanguage\":\"fr-FR\"},{\"@type\":\"Person\",\"@id\":\"https:\\\/\\\/bewusstschwanger.ch\\\/#\\\/schema\\\/person\\\/640f61f4e65f96071562a56530f803b0\",\"name\":\"Rebekka G Specht\",\"image\":{\"@type\":\"ImageObject\",\"inLanguage\":\"fr-FR\",\"@id\":\"https:\\\/\\\/secure.gravatar.com\\\/avatar\\\/ba370e1d0919ab46d187d559a499a7e372ab5ccd7ed110f224a8eda29d9aea0f?s=96&d=mm&r=g\",\"url\":\"https:\\\/\\\/secure.gravatar.com\\\/avatar\\\/ba370e1d0919ab46d187d559a499a7e372ab5ccd7ed110f224a8eda29d9aea0f?s=96&d=mm&r=g\",\"contentUrl\":\"https:\\\/\\\/secure.gravatar.com\\\/avatar\\\/ba370e1d0919ab46d187d559a499a7e372ab5ccd7ed110f224a8eda29d9aea0f?s=96&d=mm&r=g\",\"caption\":\"Rebekka G Specht\"},\"url\":\"https:\\\/\\\/bewusstschwanger.ch\\\/index.php\\\/author\\\/lavoix_v8339ise\\\/\"}]}<\/script>\n<!-- \/ Yoast SEO plugin. -->","yoast_head_json":{"title":"Autismus, Aluminium und Ultraschall - Bewusst schwanger","description":"Welche Auswirkungen haben Aluminium und Ultraschallwellen auf das ungeborene Leben? Ein m\u00f6glicher Zusammenhang mit Autismus.","robots":{"index":"index","follow":"follow","max-snippet":"max-snippet:-1","max-image-preview":"max-image-preview:large","max-video-preview":"max-video-preview:-1"},"canonical":"https:\/\/bewusstschwanger.ch\/index.php\/2023\/04\/26\/autismus-aluminium-ultraschall\/","og_locale":"fr_FR","og_type":"article","og_title":"Autismus, Aluminium und Ultraschall - Bewusst schwanger","og_description":"Welche Auswirkungen haben Aluminium und Ultraschallwellen auf das ungeborene Leben? Ein m\u00f6glicher Zusammenhang mit Autismus.","og_url":"https:\/\/bewusstschwanger.ch\/index.php\/2023\/04\/26\/autismus-aluminium-ultraschall\/","og_site_name":"Bewusst schwanger","article_published_time":"2023-04-26T13:51:41+00:00","article_modified_time":"2023-04-27T14:44:57+00:00","og_image":[{"width":1775,"height":1333,"url":"https:\/\/bewusstschwanger.ch\/wp-content\/uploads\/2023\/04\/Temoignage-enfant-trisomique-nathanael-e1682517324250.jpg","type":"image\/jpeg"}],"author":"Rebekka G Specht","twitter_card":"summary_large_image","twitter_misc":{"\u00c9crit par":"Rebekka G Specht","Dur\u00e9e de lecture estim\u00e9e":"7 minutes"},"schema":{"@context":"https:\/\/schema.org","@graph":[{"@type":"Article","@id":"https:\/\/bewusstschwanger.ch\/index.php\/2023\/04\/26\/autismus-aluminium-ultraschall\/#article","isPartOf":{"@id":"https:\/\/bewusstschwanger.ch\/index.php\/2023\/04\/26\/autismus-aluminium-ultraschall\/"},"author":{"name":"Rebekka G Specht","@id":"https:\/\/bewusstschwanger.ch\/#\/schema\/person\/640f61f4e65f96071562a56530f803b0"},"headline":"Autismus, Aluminium und Ultraschall","datePublished":"2023-04-26T13:51:41+00:00","dateModified":"2023-04-27T14:44:57+00:00","mainEntityOfPage":{"@id":"https:\/\/bewusstschwanger.ch\/index.php\/2023\/04\/26\/autismus-aluminium-ultraschall\/"},"wordCount":1385,"commentCount":0,"image":{"@id":"https:\/\/bewusstschwanger.ch\/index.php\/2023\/04\/26\/autismus-aluminium-ultraschall\/#primaryimage"},"thumbnailUrl":"https:\/\/bewusstschwanger.ch\/wp-content\/uploads\/2023\/04\/Temoignage-enfant-trisomique-nathanael-e1682517324250.jpg","articleSection":["Empf\u00e4ngnis","Schwangerschaft","Zeugung"],"inLanguage":"fr-FR","potentialAction":[{"@type":"CommentAction","name":"Comment","target":["https:\/\/bewusstschwanger.ch\/index.php\/2023\/04\/26\/autismus-aluminium-ultraschall\/#respond"]}]},{"@type":"WebPage","@id":"https:\/\/bewusstschwanger.ch\/index.php\/2023\/04\/26\/autismus-aluminium-ultraschall\/","url":"https:\/\/bewusstschwanger.ch\/index.php\/2023\/04\/26\/autismus-aluminium-ultraschall\/","name":"Autismus, Aluminium und Ultraschall - Bewusst schwanger","isPartOf":{"@id":"https:\/\/bewusstschwanger.ch\/#website"},"primaryImageOfPage":{"@id":"https:\/\/bewusstschwanger.ch\/index.php\/2023\/04\/26\/autismus-aluminium-ultraschall\/#primaryimage"},"image":{"@id":"https:\/\/bewusstschwanger.ch\/index.php\/2023\/04\/26\/autismus-aluminium-ultraschall\/#primaryimage"},"thumbnailUrl":"https:\/\/bewusstschwanger.ch\/wp-content\/uploads\/2023\/04\/Temoignage-enfant-trisomique-nathanael-e1682517324250.jpg","datePublished":"2023-04-26T13:51:41+00:00","dateModified":"2023-04-27T14:44:57+00:00","author":{"@id":"https:\/\/bewusstschwanger.ch\/#\/schema\/person\/640f61f4e65f96071562a56530f803b0"},"description":"Welche Auswirkungen haben Aluminium und Ultraschallwellen auf das ungeborene Leben? Ein m\u00f6glicher Zusammenhang mit Autismus.","breadcrumb":{"@id":"https:\/\/bewusstschwanger.ch\/index.php\/2023\/04\/26\/autismus-aluminium-ultraschall\/#breadcrumb"},"inLanguage":"fr-FR","potentialAction":[{"@type":"ReadAction","target":["https:\/\/bewusstschwanger.ch\/index.php\/2023\/04\/26\/autismus-aluminium-ultraschall\/"]}]},{"@type":"ImageObject","inLanguage":"fr-FR","@id":"https:\/\/bewusstschwanger.ch\/index.php\/2023\/04\/26\/autismus-aluminium-ultraschall\/#primaryimage","url":"https:\/\/bewusstschwanger.ch\/wp-content\/uploads\/2023\/04\/Temoignage-enfant-trisomique-nathanael-e1682517324250.jpg","contentUrl":"https:\/\/bewusstschwanger.ch\/wp-content\/uploads\/2023\/04\/Temoignage-enfant-trisomique-nathanael-e1682517324250.jpg","width":1775,"height":1333,"caption":"Autismus Aluminium Ultraschall bewusst schwanger"},{"@type":"BreadcrumbList","@id":"https:\/\/bewusstschwanger.ch\/index.php\/2023\/04\/26\/autismus-aluminium-ultraschall\/#breadcrumb","itemListElement":[{"@type":"ListItem","position":1,"name":"Home","item":"https:\/\/bewusstschwanger.ch\/"},{"@type":"ListItem","position":2,"name":"Autismus, Aluminium und Ultraschall"}]},{"@type":"WebSite","@id":"https:\/\/bewusstschwanger.ch\/#website","url":"https:\/\/bewusstschwanger.ch\/","name":"Bewusst schwanger","description":"f\u00fcr ein heiles Ankommen und eine respektvolle Geburt","potentialAction":[{"@type":"SearchAction","target":{"@type":"EntryPoint","urlTemplate":"https:\/\/bewusstschwanger.ch\/?s={search_term_string}"},"query-input":{"@type":"PropertyValueSpecification","valueRequired":true,"valueName":"search_term_string"}}],"inLanguage":"fr-FR"},{"@type":"Person","@id":"https:\/\/bewusstschwanger.ch\/#\/schema\/person\/640f61f4e65f96071562a56530f803b0","name":"Rebekka G Specht","image":{"@type":"ImageObject","inLanguage":"fr-FR","@id":"https:\/\/secure.gravatar.com\/avatar\/ba370e1d0919ab46d187d559a499a7e372ab5ccd7ed110f224a8eda29d9aea0f?s=96&d=mm&r=g","url":"https:\/\/secure.gravatar.com\/avatar\/ba370e1d0919ab46d187d559a499a7e372ab5ccd7ed110f224a8eda29d9aea0f?s=96&d=mm&r=g","contentUrl":"https:\/\/secure.gravatar.com\/avatar\/ba370e1d0919ab46d187d559a499a7e372ab5ccd7ed110f224a8eda29d9aea0f?s=96&d=mm&r=g","caption":"Rebekka G Specht"},"url":"https:\/\/bewusstschwanger.ch\/index.php\/author\/lavoix_v8339ise\/"}]}},"_links":{"self":[{"href":"https:\/\/bewusstschwanger.ch\/index.php\/wp-json\/wp\/v2\/posts\/7453","targetHints":{"allow":["GET"]}}],"collection":[{"href":"https:\/\/bewusstschwanger.ch\/index.php\/wp-json\/wp\/v2\/posts"}],"about":[{"href":"https:\/\/bewusstschwanger.ch\/index.php\/wp-json\/wp\/v2\/types\/post"}],"author":[{"embeddable":true,"href":"https:\/\/bewusstschwanger.ch\/index.php\/wp-json\/wp\/v2\/users\/1"}],"replies":[{"embeddable":true,"href":"https:\/\/bewusstschwanger.ch\/index.php\/wp-json\/wp\/v2\/comments?post=7453"}],"version-history":[{"count":21,"href":"https:\/\/bewusstschwanger.ch\/index.php\/wp-json\/wp\/v2\/posts\/7453\/revisions"}],"predecessor-version":[{"id":7490,"href":"https:\/\/bewusstschwanger.ch\/index.php\/wp-json\/wp\/v2\/posts\/7453\/revisions\/7490"}],"wp:featuredmedia":[{"embeddable":true,"href":"https:\/\/bewusstschwanger.ch\/index.php\/wp-json\/wp\/v2\/media\/7455"}],"wp:attachment":[{"href":"https:\/\/bewusstschwanger.ch\/index.php\/wp-json\/wp\/v2\/media?parent=7453"}],"wp:term":[{"taxonomy":"category","embeddable":true,"href":"https:\/\/bewusstschwanger.ch\/index.php\/wp-json\/wp\/v2\/categories?post=7453"},{"taxonomy":"post_tag","embeddable":true,"href":"https:\/\/bewusstschwanger.ch\/index.php\/wp-json\/wp\/v2\/tags?post=7453"}],"curies":[{"name":"wp","href":"https:\/\/api.w.org\/{rel}","templated":true}]}}