{"id":6977,"date":"2023-03-17T11:45:31","date_gmt":"2023-03-17T11:45:31","guid":{"rendered":"https:\/\/bewusstschwanger.ch\/?p=6977"},"modified":"2023-04-26T15:25:25","modified_gmt":"2023-04-26T15:25:25","slug":"dilemma-des-geburtstermins","status":"publish","type":"post","link":"https:\/\/bewusstschwanger.ch\/index.php\/2023\/03\/17\/dilemma-des-geburtstermins\/","title":{"rendered":"Das Dilemma des Geburtstermins"},"content":{"rendered":"<div id=\"pl-6977\"  class=\"panel-layout\" ><div id=\"pg-6977-0\"  class=\"panel-grid panel-no-style\" ><div id=\"pgc-6977-0-0\"  class=\"panel-grid-cell\" ><div id=\"panel-6977-0-0-0\" class=\"so-panel widget widget_text panel-first-child\" data-index=\"0\" >\t\t\t<div class=\"textwidget\"><\/div>\n\t\t<\/div><div id=\"panel-6977-0-0-1\" class=\"so-panel widget widget_sow-editor\" data-index=\"1\" ><div class=\"panel-widget-style panel-widget-style-for-6977-0-0-1\" ><div\n\t\t\t\n\t\t\tclass=\"so-widget-sow-editor so-widget-sow-editor-base\"\n\t\t\t\n\t\t><h3 class=\"widget-title\">Das Dilemma des Geburtstermins<\/h3>\n<div class=\"siteorigin-widget-tinymce textwidget\">\n\t<h3 lang=\"fr-FR\" style=\"text-align: center;\" align=\"left\">Wie Du Stress vor dem Geburtstermin vermeiden und mit Dir selbst in Kontakt bleiben kannst.<\/h3>\n<p>&nbsp;<\/p>\n<h6 lang=\"fr-FR\" align=\"left\">Basierend auf einer wahren Begebenheit.<\/h6>\n<p>Tabea (Vorname ge\u00e4ndert), die kurz vor dem Ende ihrer Schwangerschaft steht, ruft mich an einem Freitag verzweifelt an. Die Hebamme setzt sie unter Druck und empfiehlt ihr vehement einen zweiten Darm-Einlauf, um den Geburtsprozess in Gang zu bringen. Wenn das Kind am Montag nicht da sei, m\u00fcsse es am n\u00e4chsten Tag in der Klinik kontrolliert und h\u00f6chstwahrscheinlich eingeleitet werden. Tabea m\u00f6chte zu Hause geb\u00e4ren und hat alles f\u00fcr eine Hausgeburt vorbereitet. Der Druck der Hebamme stresst sie und macht ihr Angst. Normalerweise hat Tabea eine gute Intuition und konnte w\u00e4hrend der Schwangerschaft eine vertrauensvolle Bindung zu ihrem Kind aufbauen. Doch jetzt ist sie verunsichert. Sie will keinen Einlauf mehr und schon gar keine Einleitung.<\/p>\n<p><img fetchpriority=\"high\" fetchpriority=\"high\" decoding=\"async\" class=\"alignright wp-image-6988 size-medium\" src=\"https:\/\/bewusstschwanger.ch\/wp-content\/uploads\/2023\/03\/th-52-300x168.jpeg\" alt=\"terme d'accouchement Incarnation Consciente\" width=\"300\" height=\"168\" srcset=\"https:\/\/bewusstschwanger.ch\/wp-content\/uploads\/2023\/03\/th-52-300x168.jpeg 300w, https:\/\/bewusstschwanger.ch\/wp-content\/uploads\/2023\/03\/th-52-400x224.jpeg 400w, https:\/\/bewusstschwanger.ch\/wp-content\/uploads\/2023\/03\/th-52-430x241.jpeg 430w, https:\/\/bewusstschwanger.ch\/wp-content\/uploads\/2023\/03\/th-52-150x84.jpeg 150w, https:\/\/bewusstschwanger.ch\/wp-content\/uploads\/2023\/03\/th-52-100x56.jpeg 100w, https:\/\/bewusstschwanger.ch\/wp-content\/uploads\/2023\/03\/th-52.jpeg 474w\" sizes=\"(max-width: 300px) 100vw, 300px\" \/><\/p>\n<p>Tabea bleiben noch drei Tage bis zum urspr\u00fcnglich errechneten Geburtstermin. Aus f\u00fcr sie unerkl\u00e4rlichen Gr\u00fcnden wurde der Termin im ersten Schwangerschaftsdrittel um 9 Tage vorverlegt. Nun ist dieser offiziell festgelegte Termin seit sechs Tagen \u00fcberschritten. Die Hebamme m\u00f6chte kein Risiko eingehen und k\u00fcndigt an, dass sie maximal noch 7 Tage warten wird. Danach muss Tabea in die Klinik gehen. Das w\u00e4re tats\u00e4chlich nur 4 Tage nach dem urspr\u00fcnglich vorrausgesagten Termin.<\/p>\n<p>&nbsp;<\/p>\n<p>Was f\u00fcr ein Zahlenwirrwarr, und was f\u00fcr ein Stress dadurch bei der werdenden Mutter entsteht. Sollten wir uns nicht vielmehr auf den aktuellen Zustand der Schwangeren und des Babys konzentrieren? Auf ihre Bed\u00fcrfnisse und ihre Intuition h\u00f6ren, anstatt stur den Protokollen zu folgen. Jedes Mutter-Baby-Tandem hat seinen eigenen Rhythmus und tanzt nach seiner eigenen Musik.<\/p>\n<p>Die Informationen, die ich aus der geistigen Ebene erhalte, best\u00e4tigen Tabeas Intuition. Dem Baby geht es gut. Das hat zudem auch die letzte \u00e4rztliche Untersuchung gezeigt. Es ist gen\u00fcgend Fruchtwasser vorhanden. Auch aus der Sicht der Seele des Kindes ist alles in Ordnung. Nur die Mutter braucht Unterst\u00fctzung.<br \/>\n&nbsp;<\/p>\n<h4>Den Partner mit einbeziehen<\/h4>\n<p>Tabea ist mit der Situation \u00fcberfordert und wei\u00df im Moment nicht, wie sie sich aus der Situation befreien soll. Sie ist gefangen zwischen dem Impuls ihres K\u00f6rpers, sich f\u00fcr die Geburt zu \u00f6ffnen, und dem Bed\u00fcrfnis, ihre Bed\u00fcrfnisse gegen\u00fcber der Hebamme zu verteidigen. Es handelt sich also um eine Verh\u00e4rtung und Verschlie\u00dfung, die der \u00d6ffnung und Hingabe, die den Beginn der Geburt erm\u00f6glichen, diametral entgegengesetzt sind. Hier braucht sie einen K\u00f6nig an ihrer Seite, den souver\u00e4nen Partner, der sich f\u00fcr sein Reich und seine K\u00f6nigin einsetzt; einen F\u00fcrsprecher, den Vertreter nach au\u00dfen, der sie in ihren Bed\u00fcrfnissen unterst\u00fctzt.<\/p>\n<p>Generell ist es au\u00dferdem immer gut, eine zweite Meinung einzuholen, bevor man eine Entscheidung trifft. Das gilt auch hier bei der Geburt, wenn es um das Wohlergehen und weitreichende Folgen f\u00fcr das Leben des ungeborenen Kindes geht. Wie w\u00fcrde eine Hebamme mit einem anderen Ansatz die Situation sehen? Was w\u00fcrde sie empfehlen?<\/p>\n<p>&nbsp;<\/p>\n<h4>Auf den K\u00f6rper h\u00f6ren<\/h4>\n<p>Wir wenden uns Tabeas K\u00f6rper zu und h\u00f6ren ihm zu. Wie f\u00fchlt er sich an? Leer, ersch\u00f6pft, schwer, ... Durch das laute Aussprechen der Worte wird der K\u00f6rper in seinem aktuellen Zustand erkannt und kann \u00fcberm\u00e4\u00dfige Spannungen abbauen.<\/p>\n<p>R: Gibt es K\u00f6rperteile, die besondere Aufmerksamkeit erfordern?<\/p>\n<p>&nbsp;<\/p>\n<h5>Wasser-Einlagerungen<\/h5>\n<p>T: <strong>Die F\u00fc\u00dfe<\/strong>. Wegen der Wassereinlagerungen tun sie wirklich sehr weh, wenn ich gehe. <em>Wassereinlagerungen haben mit den Nieren zu tun und oftmals mit dem Thema Flucht, vor etwas fliehen zu m\u00fcssen, ...<\/em><\/p>\n<p>A: Wovor w\u00fcrden deine F\u00fc\u00dfe am liebsten weglaufen? -\u00a0Es dauert nicht lange, bis Tabea die Antwort h\u00f6rt.<\/p>\n<p>T: Die Verantwortung, mich um die beiden S\u00f6hne aus der vorherigen Ehe meines Mannes k\u00fcmmern zu m\u00fcssen, obwohl das nicht meine Aufgabe ist.<\/p>\n<p>A: Geht es darum, die Rolle der Schwiegermutter zu \u00fcbernehmen oder eher die Tatsache, dass es sich um Buben handelt?<\/p>\n<p>Tabea ist zum ersten Mal schwanger und erwartet ein M\u00e4dchen. Sie hat noch nie einen kleinen Mann in sich getragen. Der Kontakt mit Buben verunsichert sie. Wir machen uns auf die Suche nach M\u00fcttern in ihrer Ahnenbaum, die Jungen gro\u00dfgezogen haben. Tabea kann an ihre Erfahrungen ankn\u00fcpfen und sich auf sie st\u00fctzen. Von nun an ist es f\u00fcr Tabea weniger unbekannt und weniger schwierig, sich um Buben zu k\u00fcmmern. Ihre F\u00fc\u00dfe wollen nicht mehr weglaufen, sondern sind nun ruhig in der Gegenwart pr\u00e4sent.<br \/>\n&nbsp;<\/p>\n<h5>Zu viel zu tun<\/h5>\n<p>A: Gibt es ein anderes K\u00f6rperteil, das Aufmerksamkeit erfordert?<\/p>\n<p>T: <strong>Meine rechte Hand<\/strong>. M\u00fcde, kaputt, \u00fcberarbeitet, ...<\/p>\n<p>Das Bild eines Dirigenten erscheint. Er h\u00e4lt rechts (<em>aktive m\u00e4nnliche Seite<\/em>) den Dirigentenstab und sagt damit, wo es langgeht, was zu tun ist, w\u00e4hrend die linke (<em>weibliche Seite, flie\u00dfend, Sein<\/em>) den Rhythmus und damit den Fluss des Lebens anzeigt. Tabeas innere Dirigentin hatte in letzter Zeit viel gearbeitet, um die Paarbeziehung zu stabilisieren und die Konstellationen in der komplexen Patchworkfamilie, in die sie hineingeheiratet hatte, zu sortieren, damit Platz f\u00fcr ihre eigene kleine Familie geschaffen wird. Sie bem\u00fchte sich, eine Beziehung zu allen jugendlichen und erwachsenen Kindern ihres Partners aufzubauen bzw. eine solche Beziehung zu erm\u00f6glichen. Sie hat Samen ges\u00e4t, um eine harmonische Familie f\u00fcr ihre Tochter zu initiieren. All diese Arbeit muss anerkannt und angemessen gew\u00fcrdigt werden. Die Dirigentin wird nun eingeladen, das Pult vor dem gro\u00dfen Orchester zu verlassen und sich den wesentlichen Aufgaben zu widmen: sich um Tabea zu k\u00fcmmern, sie daran zu erinnern, sich selbst und ihrem Baby den Vorrang zu geben.<\/p>\n<p>Um das <strong>Gleichgewicht zwischen Tun und Sein wiederherzustellen<\/strong>, wird Tabea aufgefordert, jedes Mal, wenn sie sich zu sehr um die Gro\u00dffamilie sorgt oder diesbez\u00fcglich etwas unternehmen will, ihre rechte Hand in die linke Hand (offene Handfl\u00e4chen) zu legen und der Hand, die den Taktstock des Maestros hielt, eine Pause zu g\u00f6nnen. Die Dirigentin wird wahrscheinlich ein paar Tage brauchen, um sich von ihrem Muster der Organisation und \u00dcberaktivit\u00e4t zu l\u00f6sen. Tabea merkt sofort, dass in ihrem K\u00f6rper Ruhe einkehrt und eine gewisse gesunde Schwere sp\u00fcrbar wird.<\/p>\n<p>&nbsp;<\/p>\n<h5>Vision f\u00fcr die Zukunft<\/h5>\n<p>A: Gibt es noch einen anderen Teil deines K\u00f6rpers, der beachtet werden muss?<\/p>\n<p>T: <strong>Meine Stirn<\/strong>. Gedr\u00fcckt, festgehalten, zementiert, ...<\/p>\n<p class=\"western\" lang=\"fr-FR\" align=\"justify\"><img decoding=\"async\" class=\"size-medium wp-image-6990 alignright\" src=\"https:\/\/bewusstschwanger.ch\/wp-content\/uploads\/2023\/03\/th-55-300x225.jpeg\" alt=\"source cristallin clair fra\u00eeche Incarnation Consciente\" width=\"300\" height=\"225\" srcset=\"https:\/\/bewusstschwanger.ch\/wp-content\/uploads\/2023\/03\/th-55-300x225.jpeg 300w, https:\/\/bewusstschwanger.ch\/wp-content\/uploads\/2023\/03\/th-55-400x300.jpeg 400w, https:\/\/bewusstschwanger.ch\/wp-content\/uploads\/2023\/03\/th-55-430x322.jpeg 430w, https:\/\/bewusstschwanger.ch\/wp-content\/uploads\/2023\/03\/th-55-150x112.jpeg 150w, https:\/\/bewusstschwanger.ch\/wp-content\/uploads\/2023\/03\/th-55-100x75.jpeg 100w, https:\/\/bewusstschwanger.ch\/wp-content\/uploads\/2023\/03\/th-55.jpeg 474w\" sizes=\"(max-width: 300px) 100vw, 300px\" \/>zu viele \u00dcberlegungen \u00fcber die Zukunft der Familie wurden gemacht. Das Alte verstellt den Blick auf das Neue. Indem Tabea durch ein kleines Loch im Zement lugt, l\u00e4sst sie sich ihre Zukunft zeigen. Sie sieht bl\u00fchend und lebendig aus. Aber das Alte verhindert wie eine zu hart angetrocknete Gesichtsmaske den Blick auf die neuen Perspektiven. Wir visualisieren reines Kristallwasser, das aus einer Quelle sprudelt, erfrischend, nicht zu k\u00fchl und nicht zu warm, mit dem Tabea das Alte, das von ihrem Gesicht br\u00f6ckelt, abwaschen kann. Die alten Erfahrungen werden in den Bach gesp\u00fclt und k\u00f6nnen so als Weisheit wieder in den Kreislauf der Natur einflie\u00dfen. Sobald die Stirn frei ist, erscheint das Geistlosen der Rose und des Lavendels. Tabea, ein Rosenblatt in der einen und einen Lavendelbl\u00fctenst\u00e4ngel in der anderen Hand, f\u00e4hrt damit liebevoll \u00fcber ihre frisch gereinigte Stirn und Gesichtshaut. Ihre Wangen beginnen sich rosig zu f\u00e4rben. Der Zauber des Augenblicks l\u00e4sst sie wieder die kommenden Tage bis zur Geburt und danach ins Auge fassen.<\/p>\n<p><strong>Zeitlos, einfach nur sein<\/strong>, ... sind die Worte, die Tabea findet, um ihre Empfindungen zu beschreiben. <strong>Das ist genau der Zustand, der f\u00fcr die bevorstehende Geburt erw\u00fcnscht ist.<\/strong><\/p>\n<p>Nun sind auch Tabeas K\u00f6rper und Geist bereit. Die Geburt kann beginnen, wenn die Seele des Babys das Signal gibt.<\/p>\n<\/div>\n<\/div><\/div><\/div><div id=\"panel-6977-0-0-2\" class=\"so-panel widget widget_text panel-last-child\" data-index=\"2\" >\t\t\t<div class=\"textwidget\"><\/div>\n\t\t<\/div><\/div><\/div><\/div>","protected":false},"excerpt":{"rendered":"<p>Wie Du Stress vor dem Geburtstermin vermeiden und mit Dir selbst in Kontakt bleiben kannst. &nbsp; Basierend auf einer wahren Begebenheit. Tabea (Vorname ge\u00e4ndert), die kurz vor dem Ende ihrer [&hellip;]<\/p>\n","protected":false},"author":1,"featured_media":6982,"comment_status":"open","ping_status":"closed","sticky":false,"template":"elementor_header_footer","format":"standard","meta":{"footnotes":""},"categories":[33],"tags":[],"class_list":["post-6977","post","type-post","status-publish","format-standard","has-post-thumbnail","hentry","category-geburt"],"yoast_head":"<!-- This site is optimized with the Yoast SEO plugin v28.1 - https:\/\/yoast.com\/product\/yoast-seo-wordpress\/ -->\n<title>Das Dilemma des Geburtstermins - Bewusst schwanger<\/title>\n<meta name=\"description\" content=\"Dilemma des Geburtstermins oder Wie Du Stress vor dem Geburtstermin vermeiden und mit Dir selbst in Kontakt bleiben kannst.\" \/>\n<meta name=\"robots\" content=\"index, follow, max-snippet:-1, max-image-preview:large, max-video-preview:-1\" \/>\n<link rel=\"canonical\" href=\"https:\/\/bewusstschwanger.ch\/index.php\/2023\/03\/17\/dilemma-des-geburtstermins\/\" \/>\n<meta property=\"og:locale\" content=\"fr_FR\" \/>\n<meta property=\"og:type\" content=\"article\" \/>\n<meta property=\"og:title\" content=\"Das Dilemma des Geburtstermins - Bewusst schwanger\" \/>\n<meta property=\"og:description\" content=\"Dilemma des Geburtstermins oder Wie Du Stress vor dem Geburtstermin vermeiden und mit Dir selbst in Kontakt bleiben kannst.\" \/>\n<meta property=\"og:url\" content=\"https:\/\/bewusstschwanger.ch\/index.php\/2023\/03\/17\/dilemma-des-geburtstermins\/\" \/>\n<meta property=\"og:site_name\" content=\"Bewusst schwanger\" \/>\n<meta property=\"article:published_time\" content=\"2023-03-17T11:45:31+00:00\" \/>\n<meta property=\"article:modified_time\" content=\"2023-04-26T15:25:25+00:00\" \/>\n<meta property=\"og:image\" content=\"https:\/\/bewusstschwanger.ch\/wp-content\/uploads\/2023\/03\/health-wellness_body-mind-spirit_pregnancy-fertility_benefit-of-late-pregnancy_83936933.jpg.webp\" \/>\n\t<meta property=\"og:image:width\" content=\"1440\" \/>\n\t<meta property=\"og:image:height\" content=\"1080\" \/>\n\t<meta property=\"og:image:type\" content=\"image\/webp\" \/>\n<meta name=\"author\" content=\"Rebekka G Specht\" \/>\n<meta name=\"twitter:card\" content=\"summary_large_image\" \/>\n<meta name=\"twitter:label1\" content=\"\u00c9crit par\" \/>\n\t<meta name=\"twitter:data1\" content=\"Rebekka G Specht\" \/>\n\t<meta name=\"twitter:label2\" content=\"Dur\u00e9e de lecture estim\u00e9e\" \/>\n\t<meta name=\"twitter:data2\" content=\"7 minutes\" \/>\n<script type=\"application\/ld+json\" class=\"yoast-schema-graph\">{\"@context\":\"https:\\\/\\\/schema.org\",\"@graph\":[{\"@type\":\"Article\",\"@id\":\"https:\\\/\\\/bewusstschwanger.ch\\\/index.php\\\/2023\\\/03\\\/17\\\/dilemma-des-geburtstermins\\\/#article\",\"isPartOf\":{\"@id\":\"https:\\\/\\\/bewusstschwanger.ch\\\/index.php\\\/2023\\\/03\\\/17\\\/dilemma-des-geburtstermins\\\/\"},\"author\":{\"name\":\"Rebekka G Specht\",\"@id\":\"https:\\\/\\\/bewusstschwanger.ch\\\/#\\\/schema\\\/person\\\/640f61f4e65f96071562a56530f803b0\"},\"headline\":\"Das Dilemma des Geburtstermins\",\"datePublished\":\"2023-03-17T11:45:31+00:00\",\"dateModified\":\"2023-04-26T15:25:25+00:00\",\"mainEntityOfPage\":{\"@id\":\"https:\\\/\\\/bewusstschwanger.ch\\\/index.php\\\/2023\\\/03\\\/17\\\/dilemma-des-geburtstermins\\\/\"},\"wordCount\":1306,\"commentCount\":0,\"image\":{\"@id\":\"https:\\\/\\\/bewusstschwanger.ch\\\/index.php\\\/2023\\\/03\\\/17\\\/dilemma-des-geburtstermins\\\/#primaryimage\"},\"thumbnailUrl\":\"https:\\\/\\\/bewusstschwanger.ch\\\/wp-content\\\/uploads\\\/2023\\\/03\\\/health-wellness_body-mind-spirit_pregnancy-fertility_benefit-of-late-pregnancy_83936933.jpg.webp\",\"articleSection\":[\"Geburt\"],\"inLanguage\":\"fr-FR\",\"potentialAction\":[{\"@type\":\"CommentAction\",\"name\":\"Comment\",\"target\":[\"https:\\\/\\\/bewusstschwanger.ch\\\/index.php\\\/2023\\\/03\\\/17\\\/dilemma-des-geburtstermins\\\/#respond\"]}]},{\"@type\":\"WebPage\",\"@id\":\"https:\\\/\\\/bewusstschwanger.ch\\\/index.php\\\/2023\\\/03\\\/17\\\/dilemma-des-geburtstermins\\\/\",\"url\":\"https:\\\/\\\/bewusstschwanger.ch\\\/index.php\\\/2023\\\/03\\\/17\\\/dilemma-des-geburtstermins\\\/\",\"name\":\"Das Dilemma des Geburtstermins - Bewusst schwanger\",\"isPartOf\":{\"@id\":\"https:\\\/\\\/bewusstschwanger.ch\\\/#website\"},\"primaryImageOfPage\":{\"@id\":\"https:\\\/\\\/bewusstschwanger.ch\\\/index.php\\\/2023\\\/03\\\/17\\\/dilemma-des-geburtstermins\\\/#primaryimage\"},\"image\":{\"@id\":\"https:\\\/\\\/bewusstschwanger.ch\\\/index.php\\\/2023\\\/03\\\/17\\\/dilemma-des-geburtstermins\\\/#primaryimage\"},\"thumbnailUrl\":\"https:\\\/\\\/bewusstschwanger.ch\\\/wp-content\\\/uploads\\\/2023\\\/03\\\/health-wellness_body-mind-spirit_pregnancy-fertility_benefit-of-late-pregnancy_83936933.jpg.webp\",\"datePublished\":\"2023-03-17T11:45:31+00:00\",\"dateModified\":\"2023-04-26T15:25:25+00:00\",\"author\":{\"@id\":\"https:\\\/\\\/bewusstschwanger.ch\\\/#\\\/schema\\\/person\\\/640f61f4e65f96071562a56530f803b0\"},\"description\":\"Dilemma des Geburtstermins oder Wie Du Stress vor dem Geburtstermin vermeiden und mit Dir selbst in Kontakt bleiben kannst.\",\"breadcrumb\":{\"@id\":\"https:\\\/\\\/bewusstschwanger.ch\\\/index.php\\\/2023\\\/03\\\/17\\\/dilemma-des-geburtstermins\\\/#breadcrumb\"},\"inLanguage\":\"fr-FR\",\"potentialAction\":[{\"@type\":\"ReadAction\",\"target\":[\"https:\\\/\\\/bewusstschwanger.ch\\\/index.php\\\/2023\\\/03\\\/17\\\/dilemma-des-geburtstermins\\\/\"]}]},{\"@type\":\"ImageObject\",\"inLanguage\":\"fr-FR\",\"@id\":\"https:\\\/\\\/bewusstschwanger.ch\\\/index.php\\\/2023\\\/03\\\/17\\\/dilemma-des-geburtstermins\\\/#primaryimage\",\"url\":\"https:\\\/\\\/bewusstschwanger.ch\\\/wp-content\\\/uploads\\\/2023\\\/03\\\/health-wellness_body-mind-spirit_pregnancy-fertility_benefit-of-late-pregnancy_83936933.jpg.webp\",\"contentUrl\":\"https:\\\/\\\/bewusstschwanger.ch\\\/wp-content\\\/uploads\\\/2023\\\/03\\\/health-wellness_body-mind-spirit_pregnancy-fertility_benefit-of-late-pregnancy_83936933.jpg.webp\",\"width\":1440,\"height\":1080,\"caption\":\"dilemme des dates d'accouchements Incarnation Consciente\"},{\"@type\":\"BreadcrumbList\",\"@id\":\"https:\\\/\\\/bewusstschwanger.ch\\\/index.php\\\/2023\\\/03\\\/17\\\/dilemma-des-geburtstermins\\\/#breadcrumb\",\"itemListElement\":[{\"@type\":\"ListItem\",\"position\":1,\"name\":\"Home\",\"item\":\"https:\\\/\\\/bewusstschwanger.ch\\\/\"},{\"@type\":\"ListItem\",\"position\":2,\"name\":\"Das Dilemma des Geburtstermins\"}]},{\"@type\":\"WebSite\",\"@id\":\"https:\\\/\\\/bewusstschwanger.ch\\\/#website\",\"url\":\"https:\\\/\\\/bewusstschwanger.ch\\\/\",\"name\":\"Bewusst schwanger\",\"description\":\"f\u00fcr ein heiles Ankommen und eine respektvolle Geburt\",\"potentialAction\":[{\"@type\":\"SearchAction\",\"target\":{\"@type\":\"EntryPoint\",\"urlTemplate\":\"https:\\\/\\\/bewusstschwanger.ch\\\/?s={search_term_string}\"},\"query-input\":{\"@type\":\"PropertyValueSpecification\",\"valueRequired\":true,\"valueName\":\"search_term_string\"}}],\"inLanguage\":\"fr-FR\"},{\"@type\":\"Person\",\"@id\":\"https:\\\/\\\/bewusstschwanger.ch\\\/#\\\/schema\\\/person\\\/640f61f4e65f96071562a56530f803b0\",\"name\":\"Rebekka G Specht\",\"image\":{\"@type\":\"ImageObject\",\"inLanguage\":\"fr-FR\",\"@id\":\"https:\\\/\\\/secure.gravatar.com\\\/avatar\\\/ba370e1d0919ab46d187d559a499a7e372ab5ccd7ed110f224a8eda29d9aea0f?s=96&d=mm&r=g\",\"url\":\"https:\\\/\\\/secure.gravatar.com\\\/avatar\\\/ba370e1d0919ab46d187d559a499a7e372ab5ccd7ed110f224a8eda29d9aea0f?s=96&d=mm&r=g\",\"contentUrl\":\"https:\\\/\\\/secure.gravatar.com\\\/avatar\\\/ba370e1d0919ab46d187d559a499a7e372ab5ccd7ed110f224a8eda29d9aea0f?s=96&d=mm&r=g\",\"caption\":\"Rebekka G Specht\"},\"url\":\"https:\\\/\\\/bewusstschwanger.ch\\\/index.php\\\/author\\\/lavoix_v8339ise\\\/\"}]}<\/script>\n<!-- \/ Yoast SEO plugin. -->","yoast_head_json":{"title":"Das Dilemma des Geburtstermins - Bewusst schwanger","description":"Dilemma des Geburtstermins oder Wie Du Stress vor dem Geburtstermin vermeiden und mit Dir selbst in Kontakt bleiben kannst.","robots":{"index":"index","follow":"follow","max-snippet":"max-snippet:-1","max-image-preview":"max-image-preview:large","max-video-preview":"max-video-preview:-1"},"canonical":"https:\/\/bewusstschwanger.ch\/index.php\/2023\/03\/17\/dilemma-des-geburtstermins\/","og_locale":"fr_FR","og_type":"article","og_title":"Das Dilemma des Geburtstermins - Bewusst schwanger","og_description":"Dilemma des Geburtstermins oder Wie Du Stress vor dem Geburtstermin vermeiden und mit Dir selbst in Kontakt bleiben kannst.","og_url":"https:\/\/bewusstschwanger.ch\/index.php\/2023\/03\/17\/dilemma-des-geburtstermins\/","og_site_name":"Bewusst schwanger","article_published_time":"2023-03-17T11:45:31+00:00","article_modified_time":"2023-04-26T15:25:25+00:00","og_image":[{"width":1440,"height":1080,"url":"https:\/\/bewusstschwanger.ch\/wp-content\/uploads\/2023\/03\/health-wellness_body-mind-spirit_pregnancy-fertility_benefit-of-late-pregnancy_83936933.jpg.webp","type":"image\/webp"}],"author":"Rebekka G Specht","twitter_card":"summary_large_image","twitter_misc":{"\u00c9crit par":"Rebekka G Specht","Dur\u00e9e de lecture estim\u00e9e":"7 minutes"},"schema":{"@context":"https:\/\/schema.org","@graph":[{"@type":"Article","@id":"https:\/\/bewusstschwanger.ch\/index.php\/2023\/03\/17\/dilemma-des-geburtstermins\/#article","isPartOf":{"@id":"https:\/\/bewusstschwanger.ch\/index.php\/2023\/03\/17\/dilemma-des-geburtstermins\/"},"author":{"name":"Rebekka G Specht","@id":"https:\/\/bewusstschwanger.ch\/#\/schema\/person\/640f61f4e65f96071562a56530f803b0"},"headline":"Das Dilemma des Geburtstermins","datePublished":"2023-03-17T11:45:31+00:00","dateModified":"2023-04-26T15:25:25+00:00","mainEntityOfPage":{"@id":"https:\/\/bewusstschwanger.ch\/index.php\/2023\/03\/17\/dilemma-des-geburtstermins\/"},"wordCount":1306,"commentCount":0,"image":{"@id":"https:\/\/bewusstschwanger.ch\/index.php\/2023\/03\/17\/dilemma-des-geburtstermins\/#primaryimage"},"thumbnailUrl":"https:\/\/bewusstschwanger.ch\/wp-content\/uploads\/2023\/03\/health-wellness_body-mind-spirit_pregnancy-fertility_benefit-of-late-pregnancy_83936933.jpg.webp","articleSection":["Geburt"],"inLanguage":"fr-FR","potentialAction":[{"@type":"CommentAction","name":"Comment","target":["https:\/\/bewusstschwanger.ch\/index.php\/2023\/03\/17\/dilemma-des-geburtstermins\/#respond"]}]},{"@type":"WebPage","@id":"https:\/\/bewusstschwanger.ch\/index.php\/2023\/03\/17\/dilemma-des-geburtstermins\/","url":"https:\/\/bewusstschwanger.ch\/index.php\/2023\/03\/17\/dilemma-des-geburtstermins\/","name":"Das Dilemma des Geburtstermins - Bewusst schwanger","isPartOf":{"@id":"https:\/\/bewusstschwanger.ch\/#website"},"primaryImageOfPage":{"@id":"https:\/\/bewusstschwanger.ch\/index.php\/2023\/03\/17\/dilemma-des-geburtstermins\/#primaryimage"},"image":{"@id":"https:\/\/bewusstschwanger.ch\/index.php\/2023\/03\/17\/dilemma-des-geburtstermins\/#primaryimage"},"thumbnailUrl":"https:\/\/bewusstschwanger.ch\/wp-content\/uploads\/2023\/03\/health-wellness_body-mind-spirit_pregnancy-fertility_benefit-of-late-pregnancy_83936933.jpg.webp","datePublished":"2023-03-17T11:45:31+00:00","dateModified":"2023-04-26T15:25:25+00:00","author":{"@id":"https:\/\/bewusstschwanger.ch\/#\/schema\/person\/640f61f4e65f96071562a56530f803b0"},"description":"Dilemma des Geburtstermins oder Wie Du Stress vor dem Geburtstermin vermeiden und mit Dir selbst in Kontakt bleiben kannst.","breadcrumb":{"@id":"https:\/\/bewusstschwanger.ch\/index.php\/2023\/03\/17\/dilemma-des-geburtstermins\/#breadcrumb"},"inLanguage":"fr-FR","potentialAction":[{"@type":"ReadAction","target":["https:\/\/bewusstschwanger.ch\/index.php\/2023\/03\/17\/dilemma-des-geburtstermins\/"]}]},{"@type":"ImageObject","inLanguage":"fr-FR","@id":"https:\/\/bewusstschwanger.ch\/index.php\/2023\/03\/17\/dilemma-des-geburtstermins\/#primaryimage","url":"https:\/\/bewusstschwanger.ch\/wp-content\/uploads\/2023\/03\/health-wellness_body-mind-spirit_pregnancy-fertility_benefit-of-late-pregnancy_83936933.jpg.webp","contentUrl":"https:\/\/bewusstschwanger.ch\/wp-content\/uploads\/2023\/03\/health-wellness_body-mind-spirit_pregnancy-fertility_benefit-of-late-pregnancy_83936933.jpg.webp","width":1440,"height":1080,"caption":"dilemme des dates d'accouchements Incarnation Consciente"},{"@type":"BreadcrumbList","@id":"https:\/\/bewusstschwanger.ch\/index.php\/2023\/03\/17\/dilemma-des-geburtstermins\/#breadcrumb","itemListElement":[{"@type":"ListItem","position":1,"name":"Home","item":"https:\/\/bewusstschwanger.ch\/"},{"@type":"ListItem","position":2,"name":"Das Dilemma des Geburtstermins"}]},{"@type":"WebSite","@id":"https:\/\/bewusstschwanger.ch\/#website","url":"https:\/\/bewusstschwanger.ch\/","name":"Bewusst schwanger","description":"f\u00fcr ein heiles Ankommen und eine respektvolle Geburt","potentialAction":[{"@type":"SearchAction","target":{"@type":"EntryPoint","urlTemplate":"https:\/\/bewusstschwanger.ch\/?s={search_term_string}"},"query-input":{"@type":"PropertyValueSpecification","valueRequired":true,"valueName":"search_term_string"}}],"inLanguage":"fr-FR"},{"@type":"Person","@id":"https:\/\/bewusstschwanger.ch\/#\/schema\/person\/640f61f4e65f96071562a56530f803b0","name":"Rebekka G Specht","image":{"@type":"ImageObject","inLanguage":"fr-FR","@id":"https:\/\/secure.gravatar.com\/avatar\/ba370e1d0919ab46d187d559a499a7e372ab5ccd7ed110f224a8eda29d9aea0f?s=96&d=mm&r=g","url":"https:\/\/secure.gravatar.com\/avatar\/ba370e1d0919ab46d187d559a499a7e372ab5ccd7ed110f224a8eda29d9aea0f?s=96&d=mm&r=g","contentUrl":"https:\/\/secure.gravatar.com\/avatar\/ba370e1d0919ab46d187d559a499a7e372ab5ccd7ed110f224a8eda29d9aea0f?s=96&d=mm&r=g","caption":"Rebekka G Specht"},"url":"https:\/\/bewusstschwanger.ch\/index.php\/author\/lavoix_v8339ise\/"}]}},"_links":{"self":[{"href":"https:\/\/bewusstschwanger.ch\/index.php\/wp-json\/wp\/v2\/posts\/6977","targetHints":{"allow":["GET"]}}],"collection":[{"href":"https:\/\/bewusstschwanger.ch\/index.php\/wp-json\/wp\/v2\/posts"}],"about":[{"href":"https:\/\/bewusstschwanger.ch\/index.php\/wp-json\/wp\/v2\/types\/post"}],"author":[{"embeddable":true,"href":"https:\/\/bewusstschwanger.ch\/index.php\/wp-json\/wp\/v2\/users\/1"}],"replies":[{"embeddable":true,"href":"https:\/\/bewusstschwanger.ch\/index.php\/wp-json\/wp\/v2\/comments?post=6977"}],"version-history":[{"count":21,"href":"https:\/\/bewusstschwanger.ch\/index.php\/wp-json\/wp\/v2\/posts\/6977\/revisions"}],"predecessor-version":[{"id":7464,"href":"https:\/\/bewusstschwanger.ch\/index.php\/wp-json\/wp\/v2\/posts\/6977\/revisions\/7464"}],"wp:featuredmedia":[{"embeddable":true,"href":"https:\/\/bewusstschwanger.ch\/index.php\/wp-json\/wp\/v2\/media\/6982"}],"wp:attachment":[{"href":"https:\/\/bewusstschwanger.ch\/index.php\/wp-json\/wp\/v2\/media?parent=6977"}],"wp:term":[{"taxonomy":"category","embeddable":true,"href":"https:\/\/bewusstschwanger.ch\/index.php\/wp-json\/wp\/v2\/categories?post=6977"},{"taxonomy":"post_tag","embeddable":true,"href":"https:\/\/bewusstschwanger.ch\/index.php\/wp-json\/wp\/v2\/tags?post=6977"}],"curies":[{"name":"wp","href":"https:\/\/api.w.org\/{rel}","templated":true}]}}