{"id":6655,"date":"2022-12-30T11:01:25","date_gmt":"2022-12-30T11:01:25","guid":{"rendered":"https:\/\/bewusstschwanger.ch\/?p=6655"},"modified":"2023-05-10T20:37:08","modified_gmt":"2023-05-10T20:37:08","slug":"vorbereitung-auf-schwangerschaft","status":"publish","type":"post","link":"https:\/\/bewusstschwanger.ch\/index.php\/2022\/12\/30\/vorbereitung-auf-schwangerschaft\/","title":{"rendered":"Warum eine Vorbereitung auf die Schwangerschaft notwendig ist"},"content":{"rendered":"<div id=\"pl-gb6655-6a96868aa7fc1\"  class=\"panel-layout\" ><div id=\"pg-gb6655-6a96868aa7fc1-0\"  class=\"panel-grid panel-no-style\" ><div id=\"pgc-gb6655-6a96868aa7fc1-0-0\"  class=\"panel-grid-cell\" ><div id=\"panel-gb6655-6a96868aa7fc1-0-0-0\" class=\"so-panel widget widget_text panel-first-child\" data-index=\"0\" >\t\t\t<div class=\"textwidget\"><\/div>\n\t\t<\/div><div id=\"panel-gb6655-6a96868aa7fc1-0-0-1\" class=\"so-panel widget widget_sow-editor panel-last-child\" data-index=\"1\" ><div\n\t\t\t\n\t\t\tclass=\"so-widget-sow-editor so-widget-sow-editor-base\"\n\t\t\t\n\t\t><h3 class=\"widget-title\">Warum eine Vorbereitung auf die Schwangerschaft notwendig ist<\/h3>\n<div class=\"siteorigin-widget-tinymce textwidget\">\n\t<h2 style=\"text-align: center\">Sich vor der Empf\u00e4ngnis um seine Gesundheit zu k\u00fcmmern, ist f\u00fcr die Zeugung eines gesunden Babys unerl\u00e4sslich.<\/h2>\n<p>&nbsp;<\/p>\n<p>Zusammenfassung eines Interviews auf Deutsch mit Dr.Klinghardt von\u00a0<a href=\"https:\/\/bio360.de\/podcast\/kinderwunsch\/\" target=\"_blank\" rel=\"noopener\">bio360.<\/a>.<\/p>\n<p>Seit Jahren sinkt die Fruchtbarkeit von M\u00e4nnern und Frauen. Gleichzeitig steigen die gesundheitlichen Probleme w\u00e4hrend der Schwangerschaft und der Geburt, sowie die Rate autistischer Kinder.<\/p>\n<h3><\/h3>\n<h3>Was ist die Ursache und welche L\u00f6sungen gibt es?<\/h3>\n<p>&nbsp;<\/p>\n<p><strong>1. Belastung durch Mikrowellen\/Strahlung von Mobiltelefonen.<\/strong><\/p>\n<p>Bei M\u00e4nnern sinkt die Anzahl der Spermien um 40% nach nur 2 Jahren Handybenutzung!!! <em>Vermeiden Sie es daher, das Handy in die Hosentasche zu stecken.<\/em><\/p>\n<p><img fetchpriority=\"high\" fetchpriority=\"high\" decoding=\"async\" class=\"size-medium wp-image-6675 alignright\" src=\"https:\/\/bewusstschwanger.ch\/wp-content\/uploads\/2022\/12\/th-22-300x221.jpeg\" alt=\"micro-ondes se pr\u00e9parer \u00e0 la grossesse\" width=\"300\" height=\"221\" srcset=\"https:\/\/bewusstschwanger.ch\/wp-content\/uploads\/2022\/12\/th-22-300x221.jpeg 300w, https:\/\/bewusstschwanger.ch\/wp-content\/uploads\/2022\/12\/th-22-400x295.jpeg 400w, https:\/\/bewusstschwanger.ch\/wp-content\/uploads\/2022\/12\/th-22-430x317.jpeg 430w, https:\/\/bewusstschwanger.ch\/wp-content\/uploads\/2022\/12\/th-22-150x110.jpeg 150w, https:\/\/bewusstschwanger.ch\/wp-content\/uploads\/2022\/12\/th-22-100x74.jpeg 100w, https:\/\/bewusstschwanger.ch\/wp-content\/uploads\/2022\/12\/th-22.jpeg 474w\" sizes=\"(max-width: 300px) 100vw, 300px\" \/>Die Tr\u00e4gerfrequenz f\u00fcr alle Mobiltelefone, auch f\u00fcr WIFI, ist 2,4 GHz, von der nachgewiesen wurde, dass sie Menschen nach 2 bis 3 Generationen unfruchtbar machen kann. Dies sind Ergebnisse von Experimenten von Barry Trower aus der Zeit des Kalten Krieges, der die Frequenzen erforschte, vor denen sich der Mensch sch\u00fctzen sollte.<\/p>\n<p>Es geht um die Technik und die Frequenz von 3G. Sie stellte bislang ein geringes Problem dar, weil die Antennen in einem Abstand von 0,5 km aufgestellt wurden. Mit der Installation von 5G (26 &#8211; 28 Ghz), das unterschwellig immer noch die Technik und Frequenz von 3G beinhaltet, m\u00fcssen die Masten alle 100 m aufgestellt werden. Infolgedessen werden die Wellen verdichtet und in ihrer Leistung erh\u00f6ht. Laut Dr. Klinghardt handelt es sich hierbei um ein unglaubliches Verbrechen gegen die Menschlichkeit.<\/p>\n<p>&nbsp;<\/p>\n<h4 style=\"text-align: right\">Wie mit dem Problem der Mikrowellen umgehen?<\/h4>\n<ul>\n<li style=\"text-align: right\">Schalten Sie den <strong>WLAN-Router<\/strong> jedes Mal aus, wenn er nicht benutzt wird. Zu einem erschwinglichen Preis ist es m\u00f6glich, das Haus mit einem Ethernett-Kabelanschluss auszustatten. Vermeiden\/reduzieren Sie die WLAN-Belastung vor, w\u00e4hrend und nach der Schwangerschaft in den ersten Jahren der Kindheit. Sie induziert St\u00f6rungen des Wachstums und der Intelligenzentwicklung.<\/li>\n<li style=\"text-align: right\">Ersetzen Sie DECT-Telefone, die \u00e4hnliche Sch\u00e4den verursachen.<\/li>\n<li style=\"text-align: right\">Verbannen Sie <strong>Mobiltelefone<\/strong>, Tablets und andere elektronische Ger\u00e4te aus dem Schlafzimmer.<\/li>\n<li style=\"text-align: right\">Wer noch einen Schritt weiter gehen m\u00f6chte: Schalten Sie nachts die Sicherungen im Haus, zumindest in den Schlafzimmern, aus.<\/li>\n<li style=\"text-align: right\">Seien Sie vorsichtig mit <strong>Induktionskochfeldern<\/strong>. Diese befinden sich beim Kochen direkt auf H\u00f6he des Ungeborenen.<\/li>\n<\/ul>\n<p style=\"text-align: center\">Der Schutz vor Strahlung ist mittlerweile ein absolutes Muss und heute noch wichtiger als der Schutz vor chemischer Verschmutzung.<\/p>\n<p>In China sind schwangere Frauen angehalten einen metallisierten Schutz zu tragen. Stoffe, um einen solchen Schutz zu n\u00e4hen, finden Sie z.B. bei\u00a0<a href=\"https:\/\/www.swiss-shield.ch\/swiss-shield-textiles\/wear-1\/\" target=\"_blank\" rel=\"noopener\">swiss-shield<\/a>.<\/p>\n<p>&nbsp;<\/p>\n<p>&nbsp;<\/p>\n<h4>2. Mangel an Mineralstoffen<\/h4>\n<p>Heutzutage enthalten Lebensmittel aufgrund des intensiven Anbaus und der billigen industriellen Produktion nicht mehr gen\u00fcgend N\u00e4hrstoffe.<\/p>\n<p><img decoding=\"async\" class=\"alignleft wp-image-6678 size-medium\" src=\"https:\/\/bewusstschwanger.ch\/wp-content\/uploads\/2022\/12\/AdobeStock_275951321-1920x1280-1-300x200.jpeg\" alt=\"Nutrition Se pr\u00e9parer \u00e0 la grossesse\" width=\"300\" height=\"200\" srcset=\"https:\/\/bewusstschwanger.ch\/wp-content\/uploads\/2022\/12\/AdobeStock_275951321-1920x1280-1-300x200.jpeg 300w, https:\/\/bewusstschwanger.ch\/wp-content\/uploads\/2022\/12\/AdobeStock_275951321-1920x1280-1-1024x683.jpeg 1024w, https:\/\/bewusstschwanger.ch\/wp-content\/uploads\/2022\/12\/AdobeStock_275951321-1920x1280-1-768x512.jpeg 768w, https:\/\/bewusstschwanger.ch\/wp-content\/uploads\/2022\/12\/AdobeStock_275951321-1920x1280-1-1536x1024.jpeg 1536w, https:\/\/bewusstschwanger.ch\/wp-content\/uploads\/2022\/12\/AdobeStock_275951321-1920x1280-1-750x500.jpeg 750w, https:\/\/bewusstschwanger.ch\/wp-content\/uploads\/2022\/12\/AdobeStock_275951321-1920x1280-1-400x267.jpeg 400w, https:\/\/bewusstschwanger.ch\/wp-content\/uploads\/2022\/12\/AdobeStock_275951321-1920x1280-1-430x287.jpeg 430w, https:\/\/bewusstschwanger.ch\/wp-content\/uploads\/2022\/12\/AdobeStock_275951321-1920x1280-1-150x100.jpeg 150w, https:\/\/bewusstschwanger.ch\/wp-content\/uploads\/2022\/12\/AdobeStock_275951321-1920x1280-1-100x67.jpeg 100w, https:\/\/bewusstschwanger.ch\/wp-content\/uploads\/2022\/12\/AdobeStock_275951321-1920x1280-1-272x182.jpeg 272w, https:\/\/bewusstschwanger.ch\/wp-content\/uploads\/2022\/12\/AdobeStock_275951321-1920x1280-1.jpeg 1920w\" sizes=\"(max-width: 300px) 100vw, 300px\" \/><\/p>\n<h6>Beim Mann<\/h6>\n<p>Ein Mangel an Zink und Adenosintriphosphat (ATP) verringert die Bewegungsgeschwindigkeit der Spermien. Allein ein Zinkmangel reicht aus, um einen Mann unfruchtbar zu machen.<\/p>\n<h6>Beim Weib<\/h6>\n<p>Zink, Eisen, Molybd\u00e4n und Magnesium m\u00fcssen supplementiert werden, damit das Gewebe der Geb\u00e4rmutter richtig versorgt wird.<\/p>\n<p>&nbsp;<\/p>\n<p>&nbsp;<\/p>\n<p style=\"text-align: right\"><strong>Machen Sie eine Bestandsaufnahme:<\/strong><\/p>\n<p style=\"text-align: right\">Gehen Sie zu einem Heilpraktiker oder Arzt, der nicht nur \u00fcber das Blut, sondern auch mit Bioresonanz\/Energetik testet, was Ihr K\u00f6rper braucht und in welcher Dosierung.<\/p>\n<h4 style=\"text-align: right\"><\/h4>\n<p>&nbsp;<\/p>\n<h4>3) Chemische Exposition &#8211; Aufnahme \u00fcber die Haut und die Nahrung<\/h4>\n<p><strong>Kosmetika<\/strong>, insbesondere K\u00f6rpermilch, Gels und Fl\u00fcssigseifen, enthalten bis zu 50 % ihres Gewichts an Phthalaten. Chemikalien wie Bisphenol A und Pflanzenschutzmittel, die in Kosmetika enthalten sind, wirken sich auf das Hormonsystem aus und k\u00f6nnen Spermien und Eizellen zerst\u00f6ren.<\/p>\n<p>Neue Computer geben eine Zeit lang <strong>giftige D\u00e4mpfe<\/strong> wie Phenylester ab, die schnell \u00fcber die Haut, die Augen, die Nase und den Mund aufgenommen werden.<\/p>\n<p>Die <strong>Nahrung<\/strong> enth\u00e4lt hormon\u00e4hnliche Substanzen aus der verschmutzten Umwelt und dem Anbau mit Agrochemikalien. Selbst Bio-Lebensmittel enthalten innerhalb der vorgeschriebenen Grenzwerte 80% der sch\u00e4dlichen Substanzen, die in konventionellen Lebensmitteln vorkommen.<br \/>\nIn England und den USA sind z. B. biologische Heidelbeeren mit Glyphosat belastet. W\u00e4hrend des Wachstums d\u00fcrfen sie nicht behandelt werden, nach der Ernte jedoch schon, damit sie nicht verfaulen. Nehmen Sie besser gefrorene Heidelbeeren.<\/p>\n<p>&nbsp;<\/p>\n<h4 style=\"text-align: right\">Wie Sie sich sch\u00fctzen k\u00f6nnen:<\/h4>\n<ul>\n<li style=\"text-align: right\">Wechseln Sie zu Naturkosmetik und Naturseifen. Kehren Sie zu nat\u00fcrlichen Produkten zur\u00fcck.<\/li>\n<li style=\"text-align: right\">Halten Sie sich von neuen elektronischen Ger\u00e4ten und giftigen D\u00e4mpfen von Farben etc. fern.<\/li>\n<li style=\"text-align: right\">Weichen Sie Ihr Gem\u00fcse in Wasser mit Natron ein oder geben Sie Chlorax oder CDL ins Wasser, um das Gem\u00fcse zu waschen.<\/li>\n<li style=\"text-align: right\">Verbessern Sie Ihre Ern\u00e4hrung. Gehen Sie zu Bio-Lebensmitteln (unverpackt) \u00fcber oder kaufen beim Bauer in Ihrer N\u00e4he. Kaufen Sie saisonal.<\/li>\n<\/ul>\n<p>&nbsp;<\/p>\n<p>Die unsichtbare Gefahr ist die <strong>Umweltverschmutzung<\/strong>, die st\u00e4ndig auf uns eindringt, sei es durch R\u00fcckst\u00e4nde von Medikamenten\/Hormonen oder durch das wasserl\u00f6sliche Glyphosat im Wasserkreislauf. Z.Bsp. enth\u00e4lt Round-Up mehr als 60 chemische Substanzen, darunter die zentrale Substanz: Glyphosat.<\/p>\n<ul>\n<li style=\"text-align: right\">Wenn es f\u00fcr Sie machbar ist, installieren Sie einen Trinkwasseraufbereiter, um Hormone und Nanopartikel aus dem Leitungswasser zu entfernen.<\/li>\n<\/ul>\n<p>&nbsp;<\/p>\n<p>Die von Dr. Stephanie Seneff durchgef\u00fchrte Analyse der Inhaltsstoffe von Impfstoffen ergab R\u00fcckst\u00e4nde von Glyphosat (macht unfruchtbar) und Blei (mindert die Intelligenz). Was haben diese Toxine in Impfstoffen zu tun? (<em>Dr. Klinghardt ist nicht gegen das Konzept von Impfstoffen)<\/em>.<\/p>\n<p>Die Agrarwirtschaft muss auf den Kopf gestellt werden! Dem Boden mangelt es an gesunden Pilzen, die Bodenschadstoffe in N\u00e4hrstoffe umwandeln k\u00f6nnen. Fast alle Agrochemikalien, die mit der Nahrung zu uns gelangen, haben einen negativen Einfluss auf die Fruchtbarkeit.<\/p>\n<p>&nbsp;<\/p>\n<h4><\/h4>\n<p>&nbsp;<\/p>\n<h4>(4) Luftverschmutzung &amp; k\u00fcnstliche Wolkenbildung<\/h4>\n<p>Contrails &#8211; Kondensstreifen hinter Flugzeugen, nachdem das \u00d6l verbrannt wurde, wobei Wasserdampf entsteht und eigentlich nur CO2 und H2O + etwas Feinstaub \u00fcbrig bleiben sollten. Er verschwindet nach 30-60 Sek.<\/p>\n<p><img decoding=\"async\" class=\"size-medium wp-image-6686 alignright\" src=\"https:\/\/bewusstschwanger.ch\/wp-content\/uploads\/2022\/12\/th-33-300x225.jpeg\" alt=\"air pollu\u00e9 se pr\u00e9parer \u00e0 la grossesse\" width=\"300\" height=\"225\" srcset=\"https:\/\/bewusstschwanger.ch\/wp-content\/uploads\/2022\/12\/th-33-300x225.jpeg 300w, https:\/\/bewusstschwanger.ch\/wp-content\/uploads\/2022\/12\/th-33-400x300.jpeg 400w, https:\/\/bewusstschwanger.ch\/wp-content\/uploads\/2022\/12\/th-33-430x322.jpeg 430w, https:\/\/bewusstschwanger.ch\/wp-content\/uploads\/2022\/12\/th-33-150x112.jpeg 150w, https:\/\/bewusstschwanger.ch\/wp-content\/uploads\/2022\/12\/th-33-100x75.jpeg 100w, https:\/\/bewusstschwanger.ch\/wp-content\/uploads\/2022\/12\/th-33.jpeg 474w\" sizes=\"(max-width: 300px) 100vw, 300px\" \/>Chemtrails &#8211; die Bildung von Streifen hinter Flugzeugen, die l\u00e4nger bestehen bleiben, sich nach und nach auseinander fliessen, sich \u00a0ausbreiten und dann eine graue, neblige Decke erzeugen. Was in den Himmel geschleudert wird, hat nichts mit normaler Verbrennung zu tun. Es wird vermutet, dass sich im Treibstoff Substanzen befinden, die dort nicht sein sollten; oder es werden auf h\u00f6herer Ebene Substanzen ausgebracht, um die sogenannte \u00ab\u00a0globale Erw\u00e4rmung\u00a0\u00bb zu bek\u00e4mpfen. Indem Nanopartikel gestreut werden, sollen die Sonnenstrahlen reflektieren werden. Doch dahinter steckt noch mehr. Die Technik wird als Kriegswaffe eingesetzt. Z.Bsp. hat der Iran Klage gegen die USA eingereicht, die beschuldigt werden, das Wetter so manipuliert zu haben, dass sie das gesamte Regenwasser, das sie f\u00fcr ihre Plantagen und Kulturen ben\u00f6tigen, erhalten und der Iran austrocknet.<\/p>\n<h5><\/h5>\n<p>&nbsp;<\/p>\n<h5>Aus was bestehen diese Partikel ?<\/h5>\n<p>Das sind mikroskopisch kleine Kunststoffpartikel, die mit Aluminium, Titan und mikronisiertem Eisen beladen sind. Die Schwebeteilchen bleiben ziemlich lange in der Luft, fallen aber nach und nach innerhalb weniger Tage oder einer Woche auf die Erde. Sie enthalten auch Glyphosat. Wir atmen es ein. Pflanzen, ob biologisch oder konventionell angebaut, werden st\u00e4ndig damit bespr\u00fcht. Diese Nanopartikel werden sogar im Trinkwasser gefunden. Alle Gew\u00e4sser der Erde sind mit ihnen bedeckt, wie mit einer Plastikdecke, mit schwerwiegenden Folgen f\u00fcr den nat\u00fcrlichen Wasserkreislauf.<\/p>\n<p><img loading=\"lazy\" loading=\"lazy\" decoding=\"async\" class=\"size-medium wp-image-6684 alignleft\" src=\"https:\/\/bewusstschwanger.ch\/wp-content\/uploads\/2022\/12\/Algen-Unterwasser-mit-Sonnenlicht-768x432.jpeg-300x169.webp\" alt=\"Oxygen se pr\u00e9parer \u00e0 la grossesse\" width=\"300\" height=\"169\" srcset=\"https:\/\/bewusstschwanger.ch\/wp-content\/uploads\/2022\/12\/Algen-Unterwasser-mit-Sonnenlicht-768x432.jpeg-300x169.webp 300w, https:\/\/bewusstschwanger.ch\/wp-content\/uploads\/2022\/12\/Algen-Unterwasser-mit-Sonnenlicht-768x432.jpeg-750x422.webp 750w, https:\/\/bewusstschwanger.ch\/wp-content\/uploads\/2022\/12\/Algen-Unterwasser-mit-Sonnenlicht-768x432.jpeg-400x225.webp 400w, https:\/\/bewusstschwanger.ch\/wp-content\/uploads\/2022\/12\/Algen-Unterwasser-mit-Sonnenlicht-768x432.jpeg-430x242.webp 430w, https:\/\/bewusstschwanger.ch\/wp-content\/uploads\/2022\/12\/Algen-Unterwasser-mit-Sonnenlicht-768x432.jpeg-150x84.webp 150w, https:\/\/bewusstschwanger.ch\/wp-content\/uploads\/2022\/12\/Algen-Unterwasser-mit-Sonnenlicht-768x432.jpeg-100x56.webp 100w, https:\/\/bewusstschwanger.ch\/wp-content\/uploads\/2022\/12\/Algen-Unterwasser-mit-Sonnenlicht-768x432.jpeg.webp 768w\" sizes=\"auto, (max-width: 300px) 100vw, 300px\" \/>Nur 50-60% der Meeresfl\u00fcssigkeit verdunstet (im Vergleich zu vor 20 Jahren). Die Atmosph\u00e4re ist ausgetrocknet. Der Regen ist fast um die H\u00e4lfte reduziert. Sauerstoff wird zu 80 % von Meeresalgen produziert, nicht vom Regenwald. Die Algen ben\u00f6tigen Sonnenlicht, um diese Leistung zu erbringen. Derzeit k\u00f6nnen die Algen noch Sauerstoff produzieren, aber dieser muss durch die Plastikabdeckung hindurch.<\/p>\n<p>Der nat\u00fcrliche Kreislauf zur Klimaregulierung: Wenn es warm ist, verdunstet mehr Wasser. Wolken bilden sich auf nat\u00fcrliche Weise, indem sie sich mit Wasser f\u00fcllen. Sie sch\u00fctzen vor der Sonne und f\u00fchren zu Regen und Abk\u00fchlung. Heute ist dieser Kreislauf gest\u00f6rt. Die Wolken sind k\u00fcnstlich und produzieren keinen Regen mehr.<\/p>\n<p>1899\/1900 lag der Sauerstoffgehalt in der Luft bei 30% O2.<\/p>\n<p>Heute liegt er bei 18%, in manchen Gro\u00dfst\u00e4dten sogar nur bei 16%.<\/p>\n<p>&nbsp;<\/p>\n<h5>Warum ist all dies f\u00fcr eine zuk\u00fcnftige Schwangerschaft wichtig?<\/h5>\n<p>Je weniger Sauerstoff vorhanden ist, desto schwieriger ist es, Kinder zu empfangen und auszutragen. Wenn die Natur merkt, dass es keine optimalen Bedingungen gibt, l\u00e4sst sie die Fruchtbarkeit automatisch sinken.<\/p>\n<p>&nbsp;<\/p>\n<h4 style=\"text-align: right\">Empfehlung f\u00fcr schwangere Frauen:<\/h4>\n<p style=\"text-align: right\">Wenn Sie in einer Gro\u00dfstadt und weit weg von der Natur leben, kann ein Sauerstoffger\u00e4t zur Reinigung der Umgebungsluft und zur Erh\u00f6hung des O2-Gehalts hilfreich sein; wenn Sie k\u00f6nnen, setzen Sie die Nasenschl\u00e4uche \u00fcber Nacht auf.<br \/>\nStudien haben gezeigt, dass die Rate der nat\u00fcrlichen Geburten bei einer Sauerstoffbehandlung steigt. Es gibt keine Pr\u00e4eklampsie oder Eklampsie mehr, keine Kaiserschnitte, und das alles nur aufgrund der Sauerstoffzufuhr.<\/p>\n<p style=\"text-align: left\">Viele Menschen untersch\u00e4tzen die Auswirkungen von Luft, die mit Glyphosat und Nanopartikeln gef\u00fcllt ist.<\/p>\n<p>&nbsp;<\/p>\n<h2>Autismus<\/h2>\n<p>Als Chris Axley die Gehirne von verstorbenen Autisten untersuchte, entdeckte er astronomische Mengen an Aluminium. Seine Forschungen zeigten, dass Glyphosat mit Aluminium neue synergistische biochemische Molek\u00fcle bildet, die leicht die Blut-Hirn-Schranke \u00fcberwinden und ins Gehirn gelangen k\u00f6nnen.<\/p>\n<p>Hyperaktivit\u00e4t bei Kindern sowie die Alzheimer-Krankheit und Demenz sind auf die gleichen Ursachen zur\u00fcckzuf\u00fchren.<\/p>\n<p>Es wurde ein Zusammenhang zwischen autistisch geborenen Babys und einer hohen Exposition gegen\u00fcber elektromagnetischer Strahlung\/Mikrowellenstrahlung am Schlafplatz der M\u00fctter w\u00e4hrend der Schwangerschaft festgestellt.<\/p>\n<p>&nbsp;<\/p>\n<p>ZUSATZ:<\/p>\n<p>Nach der <strong>Universal-Biologie<\/strong> gibt es auch einen Zusammenhang zwischen lauten erschreckenden Ger\u00e4uschen w\u00e4hrend der ersten Schwangerschaftswochen, die Sch\u00e4den im F\u00f6tus hervorrufen, und Autismus. Autistische Kinder, die \u00fcber einen l\u00e4ngeren Zeitraum Kopfh\u00f6rer trugen, oder mit ihren Eltern in die Berge gezogen sind, konnten gewisse Entwicklungsschritte nachholen und sich normaler weiter entwickeln.<\/p>\n<p>Vermutlich kommt beides als Ursache in Frage, oder sogar eine Kombination aus beidem.<\/p>\n<p style=\"text-align: center\">&#8230;&#8230;&#8230;&#8230;&#8230;&#8230;&#8230;&#8230;<\/p>\n<p>L\u00f6sungsvorschl\u00e4ge finden Sie im nachfolgenden Artikel: \u00ab\u00a0<a href=\"https:\/\/bewusstschwanger.ch\/index.php\/2022\/12\/30\/comment-preparer-son-corps-a-la-grossesse\/\" rel=\"noopener\">Wie Paare ihren K\u00f6rper konkret auf \u00a0Zeugung und Schwangerschaft vorbereiten k\u00f6nnen.<\/a>.\u00a0\u00bb<\/p>\n<p>&nbsp;<\/p>\n<\/div>\n<\/div><\/div><\/div><\/div><\/div>","protected":false},"excerpt":{"rendered":"<p>Sich vor der Empf\u00e4ngnis um seine Gesundheit zu k\u00fcmmern, ist f\u00fcr die Zeugung eines gesunden Babys unerl\u00e4sslich. &nbsp; Zusammenfassung eines Interviews auf Deutsch mit Dr.Klinghardt von\u00a0bio360.. Seit Jahren sinkt die [&hellip;]<\/p>\n","protected":false},"author":1,"featured_media":6658,"comment_status":"closed","ping_status":"closed","sticky":false,"template":"elementor_header_footer","format":"standard","meta":{"footnotes":""},"categories":[31,61],"tags":[],"class_list":["post-6655","post","type-post","status-publish","format-standard","has-post-thumbnail","hentry","category-schwangerschaft","category-zeugung"],"yoast_head":"<!-- This site is optimized with the Yoast SEO plugin v28.1 - https:\/\/yoast.com\/product\/yoast-seo-wordpress\/ -->\n<title>Vorbereitung auf die Schwangerschaft - Bewusst schwanger<\/title>\n<meta name=\"description\" content=\"Um ein gesundes Kind zu zeugen ist es heutzutage unabdingbar sich auf die Schwangerschaft vorzubereiten. Welche Faktoren sind von Bedeutung.\" \/>\n<meta name=\"robots\" content=\"index, follow, max-snippet:-1, max-image-preview:large, max-video-preview:-1\" \/>\n<link rel=\"canonical\" href=\"https:\/\/bewusstschwanger.ch\/index.php\/2022\/12\/30\/vorbereitung-auf-schwangerschaft\/\" \/>\n<meta property=\"og:locale\" content=\"fr_FR\" \/>\n<meta property=\"og:type\" content=\"article\" \/>\n<meta property=\"og:title\" content=\"Vorbereitung auf die Schwangerschaft - Bewusst schwanger\" \/>\n<meta property=\"og:description\" content=\"Um ein gesundes Kind zu zeugen ist es heutzutage unabdingbar sich auf die Schwangerschaft vorzubereiten. Welche Faktoren sind von Bedeutung.\" \/>\n<meta property=\"og:url\" content=\"https:\/\/bewusstschwanger.ch\/index.php\/2022\/12\/30\/vorbereitung-auf-schwangerschaft\/\" \/>\n<meta property=\"og:site_name\" content=\"Bewusst schwanger\" \/>\n<meta property=\"article:published_time\" content=\"2022-12-30T11:01:25+00:00\" \/>\n<meta property=\"article:modified_time\" content=\"2023-05-10T20:37:08+00:00\" \/>\n<meta property=\"og:image\" content=\"https:\/\/bewusstschwanger.ch\/wp-content\/uploads\/2022\/12\/portrait-beautiful-expressive-laughing-baby-holds-head-up-scaled-e1672397945614.jpg\" \/>\n\t<meta property=\"og:image:width\" content=\"2278\" \/>\n\t<meta property=\"og:image:height\" content=\"1707\" \/>\n\t<meta property=\"og:image:type\" content=\"image\/jpeg\" \/>\n<meta name=\"author\" content=\"Rebekka G Specht\" \/>\n<meta name=\"twitter:card\" content=\"summary_large_image\" \/>\n<meta name=\"twitter:label1\" content=\"\u00c9crit par\" \/>\n\t<meta name=\"twitter:data1\" content=\"Rebekka G Specht\" \/>\n\t<meta name=\"twitter:label2\" content=\"Dur\u00e9e de lecture estim\u00e9e\" \/>\n\t<meta name=\"twitter:data2\" content=\"9 minutes\" \/>\n<script type=\"application\/ld+json\" class=\"yoast-schema-graph\">{\"@context\":\"https:\\\/\\\/schema.org\",\"@graph\":[{\"@type\":\"Article\",\"@id\":\"https:\\\/\\\/bewusstschwanger.ch\\\/index.php\\\/2022\\\/12\\\/30\\\/vorbereitung-auf-schwangerschaft\\\/#article\",\"isPartOf\":{\"@id\":\"https:\\\/\\\/bewusstschwanger.ch\\\/index.php\\\/2022\\\/12\\\/30\\\/vorbereitung-auf-schwangerschaft\\\/\"},\"author\":{\"name\":\"Rebekka G Specht\",\"@id\":\"https:\\\/\\\/bewusstschwanger.ch\\\/#\\\/schema\\\/person\\\/640f61f4e65f96071562a56530f803b0\"},\"headline\":\"Warum eine Vorbereitung auf die Schwangerschaft notwendig ist\",\"datePublished\":\"2022-12-30T11:01:25+00:00\",\"dateModified\":\"2023-05-10T20:37:08+00:00\",\"mainEntityOfPage\":{\"@id\":\"https:\\\/\\\/bewusstschwanger.ch\\\/index.php\\\/2022\\\/12\\\/30\\\/vorbereitung-auf-schwangerschaft\\\/\"},\"wordCount\":1599,\"image\":{\"@id\":\"https:\\\/\\\/bewusstschwanger.ch\\\/index.php\\\/2022\\\/12\\\/30\\\/vorbereitung-auf-schwangerschaft\\\/#primaryimage\"},\"thumbnailUrl\":\"https:\\\/\\\/bewusstschwanger.ch\\\/wp-content\\\/uploads\\\/2022\\\/12\\\/portrait-beautiful-expressive-laughing-baby-holds-head-up-scaled-e1672397945614.jpg\",\"articleSection\":[\"Schwangerschaft\",\"Zeugung\"],\"inLanguage\":\"fr-FR\"},{\"@type\":\"WebPage\",\"@id\":\"https:\\\/\\\/bewusstschwanger.ch\\\/index.php\\\/2022\\\/12\\\/30\\\/vorbereitung-auf-schwangerschaft\\\/\",\"url\":\"https:\\\/\\\/bewusstschwanger.ch\\\/index.php\\\/2022\\\/12\\\/30\\\/vorbereitung-auf-schwangerschaft\\\/\",\"name\":\"Vorbereitung auf die Schwangerschaft - Bewusst schwanger\",\"isPartOf\":{\"@id\":\"https:\\\/\\\/bewusstschwanger.ch\\\/#website\"},\"primaryImageOfPage\":{\"@id\":\"https:\\\/\\\/bewusstschwanger.ch\\\/index.php\\\/2022\\\/12\\\/30\\\/vorbereitung-auf-schwangerschaft\\\/#primaryimage\"},\"image\":{\"@id\":\"https:\\\/\\\/bewusstschwanger.ch\\\/index.php\\\/2022\\\/12\\\/30\\\/vorbereitung-auf-schwangerschaft\\\/#primaryimage\"},\"thumbnailUrl\":\"https:\\\/\\\/bewusstschwanger.ch\\\/wp-content\\\/uploads\\\/2022\\\/12\\\/portrait-beautiful-expressive-laughing-baby-holds-head-up-scaled-e1672397945614.jpg\",\"datePublished\":\"2022-12-30T11:01:25+00:00\",\"dateModified\":\"2023-05-10T20:37:08+00:00\",\"author\":{\"@id\":\"https:\\\/\\\/bewusstschwanger.ch\\\/#\\\/schema\\\/person\\\/640f61f4e65f96071562a56530f803b0\"},\"description\":\"Um ein gesundes Kind zu zeugen ist es heutzutage unabdingbar sich auf die Schwangerschaft vorzubereiten. Welche Faktoren sind von Bedeutung.\",\"breadcrumb\":{\"@id\":\"https:\\\/\\\/bewusstschwanger.ch\\\/index.php\\\/2022\\\/12\\\/30\\\/vorbereitung-auf-schwangerschaft\\\/#breadcrumb\"},\"inLanguage\":\"fr-FR\",\"potentialAction\":[{\"@type\":\"ReadAction\",\"target\":[\"https:\\\/\\\/bewusstschwanger.ch\\\/index.php\\\/2022\\\/12\\\/30\\\/vorbereitung-auf-schwangerschaft\\\/\"]}]},{\"@type\":\"ImageObject\",\"inLanguage\":\"fr-FR\",\"@id\":\"https:\\\/\\\/bewusstschwanger.ch\\\/index.php\\\/2022\\\/12\\\/30\\\/vorbereitung-auf-schwangerschaft\\\/#primaryimage\",\"url\":\"https:\\\/\\\/bewusstschwanger.ch\\\/wp-content\\\/uploads\\\/2022\\\/12\\\/portrait-beautiful-expressive-laughing-baby-holds-head-up-scaled-e1672397945614.jpg\",\"contentUrl\":\"https:\\\/\\\/bewusstschwanger.ch\\\/wp-content\\\/uploads\\\/2022\\\/12\\\/portrait-beautiful-expressive-laughing-baby-holds-head-up-scaled-e1672397945614.jpg\",\"width\":2278,\"height\":1707,\"caption\":\"Portrait of a beautiful expressive happy laughing baby, holds head up. Family, baby development concept photo, lifestyle\"},{\"@type\":\"BreadcrumbList\",\"@id\":\"https:\\\/\\\/bewusstschwanger.ch\\\/index.php\\\/2022\\\/12\\\/30\\\/vorbereitung-auf-schwangerschaft\\\/#breadcrumb\",\"itemListElement\":[{\"@type\":\"ListItem\",\"position\":1,\"name\":\"Home\",\"item\":\"https:\\\/\\\/bewusstschwanger.ch\\\/\"},{\"@type\":\"ListItem\",\"position\":2,\"name\":\"Warum eine Vorbereitung auf die Schwangerschaft notwendig ist\"}]},{\"@type\":\"WebSite\",\"@id\":\"https:\\\/\\\/bewusstschwanger.ch\\\/#website\",\"url\":\"https:\\\/\\\/bewusstschwanger.ch\\\/\",\"name\":\"Bewusst schwanger\",\"description\":\"f\u00fcr ein heiles Ankommen und eine respektvolle Geburt\",\"potentialAction\":[{\"@type\":\"SearchAction\",\"target\":{\"@type\":\"EntryPoint\",\"urlTemplate\":\"https:\\\/\\\/bewusstschwanger.ch\\\/?s={search_term_string}\"},\"query-input\":{\"@type\":\"PropertyValueSpecification\",\"valueRequired\":true,\"valueName\":\"search_term_string\"}}],\"inLanguage\":\"fr-FR\"},{\"@type\":\"Person\",\"@id\":\"https:\\\/\\\/bewusstschwanger.ch\\\/#\\\/schema\\\/person\\\/640f61f4e65f96071562a56530f803b0\",\"name\":\"Rebekka G Specht\",\"image\":{\"@type\":\"ImageObject\",\"inLanguage\":\"fr-FR\",\"@id\":\"https:\\\/\\\/secure.gravatar.com\\\/avatar\\\/ba370e1d0919ab46d187d559a499a7e372ab5ccd7ed110f224a8eda29d9aea0f?s=96&d=mm&r=g\",\"url\":\"https:\\\/\\\/secure.gravatar.com\\\/avatar\\\/ba370e1d0919ab46d187d559a499a7e372ab5ccd7ed110f224a8eda29d9aea0f?s=96&d=mm&r=g\",\"contentUrl\":\"https:\\\/\\\/secure.gravatar.com\\\/avatar\\\/ba370e1d0919ab46d187d559a499a7e372ab5ccd7ed110f224a8eda29d9aea0f?s=96&d=mm&r=g\",\"caption\":\"Rebekka G Specht\"},\"url\":\"https:\\\/\\\/bewusstschwanger.ch\\\/index.php\\\/author\\\/lavoix_v8339ise\\\/\"}]}<\/script>\n<!-- \/ Yoast SEO plugin. -->","yoast_head_json":{"title":"Vorbereitung auf die Schwangerschaft - Bewusst schwanger","description":"Um ein gesundes Kind zu zeugen ist es heutzutage unabdingbar sich auf die Schwangerschaft vorzubereiten. Welche Faktoren sind von Bedeutung.","robots":{"index":"index","follow":"follow","max-snippet":"max-snippet:-1","max-image-preview":"max-image-preview:large","max-video-preview":"max-video-preview:-1"},"canonical":"https:\/\/bewusstschwanger.ch\/index.php\/2022\/12\/30\/vorbereitung-auf-schwangerschaft\/","og_locale":"fr_FR","og_type":"article","og_title":"Vorbereitung auf die Schwangerschaft - Bewusst schwanger","og_description":"Um ein gesundes Kind zu zeugen ist es heutzutage unabdingbar sich auf die Schwangerschaft vorzubereiten. Welche Faktoren sind von Bedeutung.","og_url":"https:\/\/bewusstschwanger.ch\/index.php\/2022\/12\/30\/vorbereitung-auf-schwangerschaft\/","og_site_name":"Bewusst schwanger","article_published_time":"2022-12-30T11:01:25+00:00","article_modified_time":"2023-05-10T20:37:08+00:00","og_image":[{"width":2278,"height":1707,"url":"https:\/\/bewusstschwanger.ch\/wp-content\/uploads\/2022\/12\/portrait-beautiful-expressive-laughing-baby-holds-head-up-scaled-e1672397945614.jpg","type":"image\/jpeg"}],"author":"Rebekka G Specht","twitter_card":"summary_large_image","twitter_misc":{"\u00c9crit par":"Rebekka G Specht","Dur\u00e9e de lecture estim\u00e9e":"9 minutes"},"schema":{"@context":"https:\/\/schema.org","@graph":[{"@type":"Article","@id":"https:\/\/bewusstschwanger.ch\/index.php\/2022\/12\/30\/vorbereitung-auf-schwangerschaft\/#article","isPartOf":{"@id":"https:\/\/bewusstschwanger.ch\/index.php\/2022\/12\/30\/vorbereitung-auf-schwangerschaft\/"},"author":{"name":"Rebekka G Specht","@id":"https:\/\/bewusstschwanger.ch\/#\/schema\/person\/640f61f4e65f96071562a56530f803b0"},"headline":"Warum eine Vorbereitung auf die Schwangerschaft notwendig ist","datePublished":"2022-12-30T11:01:25+00:00","dateModified":"2023-05-10T20:37:08+00:00","mainEntityOfPage":{"@id":"https:\/\/bewusstschwanger.ch\/index.php\/2022\/12\/30\/vorbereitung-auf-schwangerschaft\/"},"wordCount":1599,"image":{"@id":"https:\/\/bewusstschwanger.ch\/index.php\/2022\/12\/30\/vorbereitung-auf-schwangerschaft\/#primaryimage"},"thumbnailUrl":"https:\/\/bewusstschwanger.ch\/wp-content\/uploads\/2022\/12\/portrait-beautiful-expressive-laughing-baby-holds-head-up-scaled-e1672397945614.jpg","articleSection":["Schwangerschaft","Zeugung"],"inLanguage":"fr-FR"},{"@type":"WebPage","@id":"https:\/\/bewusstschwanger.ch\/index.php\/2022\/12\/30\/vorbereitung-auf-schwangerschaft\/","url":"https:\/\/bewusstschwanger.ch\/index.php\/2022\/12\/30\/vorbereitung-auf-schwangerschaft\/","name":"Vorbereitung auf die Schwangerschaft - Bewusst schwanger","isPartOf":{"@id":"https:\/\/bewusstschwanger.ch\/#website"},"primaryImageOfPage":{"@id":"https:\/\/bewusstschwanger.ch\/index.php\/2022\/12\/30\/vorbereitung-auf-schwangerschaft\/#primaryimage"},"image":{"@id":"https:\/\/bewusstschwanger.ch\/index.php\/2022\/12\/30\/vorbereitung-auf-schwangerschaft\/#primaryimage"},"thumbnailUrl":"https:\/\/bewusstschwanger.ch\/wp-content\/uploads\/2022\/12\/portrait-beautiful-expressive-laughing-baby-holds-head-up-scaled-e1672397945614.jpg","datePublished":"2022-12-30T11:01:25+00:00","dateModified":"2023-05-10T20:37:08+00:00","author":{"@id":"https:\/\/bewusstschwanger.ch\/#\/schema\/person\/640f61f4e65f96071562a56530f803b0"},"description":"Um ein gesundes Kind zu zeugen ist es heutzutage unabdingbar sich auf die Schwangerschaft vorzubereiten. Welche Faktoren sind von Bedeutung.","breadcrumb":{"@id":"https:\/\/bewusstschwanger.ch\/index.php\/2022\/12\/30\/vorbereitung-auf-schwangerschaft\/#breadcrumb"},"inLanguage":"fr-FR","potentialAction":[{"@type":"ReadAction","target":["https:\/\/bewusstschwanger.ch\/index.php\/2022\/12\/30\/vorbereitung-auf-schwangerschaft\/"]}]},{"@type":"ImageObject","inLanguage":"fr-FR","@id":"https:\/\/bewusstschwanger.ch\/index.php\/2022\/12\/30\/vorbereitung-auf-schwangerschaft\/#primaryimage","url":"https:\/\/bewusstschwanger.ch\/wp-content\/uploads\/2022\/12\/portrait-beautiful-expressive-laughing-baby-holds-head-up-scaled-e1672397945614.jpg","contentUrl":"https:\/\/bewusstschwanger.ch\/wp-content\/uploads\/2022\/12\/portrait-beautiful-expressive-laughing-baby-holds-head-up-scaled-e1672397945614.jpg","width":2278,"height":1707,"caption":"Portrait of a beautiful expressive happy laughing baby, holds head up. Family, baby development concept photo, lifestyle"},{"@type":"BreadcrumbList","@id":"https:\/\/bewusstschwanger.ch\/index.php\/2022\/12\/30\/vorbereitung-auf-schwangerschaft\/#breadcrumb","itemListElement":[{"@type":"ListItem","position":1,"name":"Home","item":"https:\/\/bewusstschwanger.ch\/"},{"@type":"ListItem","position":2,"name":"Warum eine Vorbereitung auf die Schwangerschaft notwendig ist"}]},{"@type":"WebSite","@id":"https:\/\/bewusstschwanger.ch\/#website","url":"https:\/\/bewusstschwanger.ch\/","name":"Bewusst schwanger","description":"f\u00fcr ein heiles Ankommen und eine respektvolle Geburt","potentialAction":[{"@type":"SearchAction","target":{"@type":"EntryPoint","urlTemplate":"https:\/\/bewusstschwanger.ch\/?s={search_term_string}"},"query-input":{"@type":"PropertyValueSpecification","valueRequired":true,"valueName":"search_term_string"}}],"inLanguage":"fr-FR"},{"@type":"Person","@id":"https:\/\/bewusstschwanger.ch\/#\/schema\/person\/640f61f4e65f96071562a56530f803b0","name":"Rebekka G Specht","image":{"@type":"ImageObject","inLanguage":"fr-FR","@id":"https:\/\/secure.gravatar.com\/avatar\/ba370e1d0919ab46d187d559a499a7e372ab5ccd7ed110f224a8eda29d9aea0f?s=96&d=mm&r=g","url":"https:\/\/secure.gravatar.com\/avatar\/ba370e1d0919ab46d187d559a499a7e372ab5ccd7ed110f224a8eda29d9aea0f?s=96&d=mm&r=g","contentUrl":"https:\/\/secure.gravatar.com\/avatar\/ba370e1d0919ab46d187d559a499a7e372ab5ccd7ed110f224a8eda29d9aea0f?s=96&d=mm&r=g","caption":"Rebekka G Specht"},"url":"https:\/\/bewusstschwanger.ch\/index.php\/author\/lavoix_v8339ise\/"}]}},"_links":{"self":[{"href":"https:\/\/bewusstschwanger.ch\/index.php\/wp-json\/wp\/v2\/posts\/6655","targetHints":{"allow":["GET"]}}],"collection":[{"href":"https:\/\/bewusstschwanger.ch\/index.php\/wp-json\/wp\/v2\/posts"}],"about":[{"href":"https:\/\/bewusstschwanger.ch\/index.php\/wp-json\/wp\/v2\/types\/post"}],"author":[{"embeddable":true,"href":"https:\/\/bewusstschwanger.ch\/index.php\/wp-json\/wp\/v2\/users\/1"}],"replies":[{"embeddable":true,"href":"https:\/\/bewusstschwanger.ch\/index.php\/wp-json\/wp\/v2\/comments?post=6655"}],"version-history":[{"count":41,"href":"https:\/\/bewusstschwanger.ch\/index.php\/wp-json\/wp\/v2\/posts\/6655\/revisions"}],"predecessor-version":[{"id":7518,"href":"https:\/\/bewusstschwanger.ch\/index.php\/wp-json\/wp\/v2\/posts\/6655\/revisions\/7518"}],"wp:featuredmedia":[{"embeddable":true,"href":"https:\/\/bewusstschwanger.ch\/index.php\/wp-json\/wp\/v2\/media\/6658"}],"wp:attachment":[{"href":"https:\/\/bewusstschwanger.ch\/index.php\/wp-json\/wp\/v2\/media?parent=6655"}],"wp:term":[{"taxonomy":"category","embeddable":true,"href":"https:\/\/bewusstschwanger.ch\/index.php\/wp-json\/wp\/v2\/categories?post=6655"},{"taxonomy":"post_tag","embeddable":true,"href":"https:\/\/bewusstschwanger.ch\/index.php\/wp-json\/wp\/v2\/tags?post=6655"}],"curies":[{"name":"wp","href":"https:\/\/api.w.org\/{rel}","templated":true}]}}